{"id":107,"date":"2017-03-12T17:00:46","date_gmt":"2017-03-12T16:00:46","guid":{"rendered":"http:\/\/www.appeloffreduparticulier.com\/blog\/?p=107"},"modified":"2017-03-12T17:02:44","modified_gmt":"2017-03-12T16:02:44","slug":"isolant-choisir-vos-combles","status":"publish","type":"post","link":"http:\/\/www.appeloffreduparticulier.com\/blog\/isolant-choisir-vos-combles\/","title":{"rendered":"Quel isolant choisir pour vos combles ?"},"content":{"rendered":"<p style=\"text-align: justify;\">L\u2019isolation thermique est une \u00e9tape primordiale dans la construction ou la <a href=\"http:\/\/www.appeloffreduparticulier.com\/deposer-annonce-particulier-pro.php\">r\u00e9novation<\/a> des combles d\u2019une maison. En plus d\u2019am\u00e9liorer le confort, elle permet la r\u00e9alisation d\u2019\u00e9conomies d\u2019\u00e9nergie. N\u2019oubliez pas de faire r\u00e9aliser auparavant un <strong>diagnostic<\/strong> et renseignez-vous sur <a href=\"http:\/\/www.appeloffreduparticulier.com\/blog\/2017-des-aides-a-la-renovation-mais-quelles-sont-les-conditions\/\">les aides <\/a>auxquelles vous pouvez pr\u00e9tendre pour ces <a href=\"http:\/\/www.appeloffreduparticulier.com\">travaux d\u2019isolation<\/a>. \u00a0Petit passage en revue des diff\u00e9rents isolants existants sur le march\u00e9.<\/p>\n<h2 style=\"text-align: justify;\">Isolants naturels<\/h2>\n<p style=\"text-align: justify;\">Laine de chanvre :<br \/>\nIl s\u2019agit d\u2019un excellent <strong>isolant thermique<\/strong>, phonique et \u00e9cologique, qui plus est. Il est tr\u00e8s r\u00e9sistant \u00e0 l\u2019humidit\u00e9 et poss\u00e8de une action r\u00e9pulsive contre les rongeurs. De plus, il est facile \u00e0 poser et a une bonne r\u00e9sistance au feu. Son inconv\u00e9nient majeur\u00a0est son prix puisqu\u2019il est\u00a0 quatre fois plus cher que la laine de verre. De plus, sa texture raide entra\u00eene une d\u00e9coupe difficile des panneaux.<\/p>\n<p>Ouate de cellulose :<br \/>\nC\u2019est un mat\u00e9riau naturel\u00a0 facile \u00e0 poser. La ouate de cellulose constitue un <strong>isolant toiture<\/strong> id\u00e9al car elle est \u00e9cologique et poss\u00e8de une grande r\u00e9sistance thermique, d\u2019ailleurs sup\u00e9rieure \u00e0 celle de la laine de verre. Toutefois, elle co\u00fbte g\u00e9n\u00e9ralement deux fois plus cher que la laine de verre ou la laine de roche.<\/p>\n<h2 style=\"text-align: justify;\">Isolants min\u00e9raux<\/h2>\n<p style=\"text-align: justify;\">Laine de verre :<br \/>\nElle est la star des<strong> travaux d\u2019isolation<\/strong>\u00a0: son prix, tr\u00e8s abordable, en fait le mat\u00e9riau le plus couramment utilis\u00e9. \u00a0Ses principaux avantages r\u00e9sident en sa facilit\u00e9 de d\u00e9coupe, son grand pouvoir isolant et sa totale perm\u00e9abilit\u00e9 \u00e0 la vapeur d\u2019eau. La laine de verre n\u2019absorbe pas la vapeur d\u2019eau qui la p\u00e9n\u00e8tre ce qui lui permet de conserver ses qualit\u00e9s en cas d\u2019humidit\u00e9. Elle offre un tr\u00e8s bon rapport qualit\u00e9\/prix.<\/p>\n<p>Laine de roche\u00a0:<br \/>\nElle poss\u00e8de une excellente <strong>r\u00e9sistance thermique \u00a0R<\/strong>, qu\u2019elle conserve longtemps. Elle prot\u00e8ge l\u2019hiver, du froid, et l\u2019\u00e9t\u00e9, du chaud. Elle est constitu\u00e9e de mati\u00e8re naturelle \u00e0 98 % et de liant \u00e0 2 %. Elle est un peu moins flexible que la laine de verre mais est \u00e9quivalente au point de vue \u00a0prix.<\/p>\n<h2 style=\"text-align: justify;\">Isolants synth\u00e9tiques<\/h2>\n<p style=\"text-align: justify;\">Isolant thermo-r\u00e9flecteur ou isolant multicouche\u00a0:<\/p>\n<p>C\u2019est un isolant tr\u00e8s mince constitu\u00e9 d\u2019une ou plusieurs couches d\u2019aluminium et de couches interm\u00e9diaires (ouate, feutre, mousse, etc.). Il est facile \u00e0 poser et a une bonne r\u00e9sistance \u00e0 l\u2019humidit\u00e9 et aux rongeurs. Cependant, sa r\u00e9sistance thermique et phonique n\u2019est pas tr\u00e8s \u00e9lev\u00e9e mais il permet des \u00a0\u00e9conomies d\u2019\u00e9nergie gr\u00e2ce au faible impact du vent sur ce mat\u00e9riau.<\/p>\n<div style=\"display: none;\"\n    class=\"kk-star-ratings kksr-valign-bottom kksr-align-left kksr-disabled\"\n    data-id=\"107\"\n    data-slug=\"\">\n    <div class=\"kksr-stars\">\n    <div class=\"kksr-stars-inactive\">\n            <div class=\"kksr-star\" data-star=\"1\">\n            <div class=\"kksr-icon\" style=\"width: px; height: px;\"><\/div>\n        <\/div>\n            <div class=\"kksr-star\" data-star=\"2\">\n            <div class=\"kksr-icon\" style=\"width: px; height: px;\"><\/div>\n        <\/div>\n            <div class=\"kksr-star\" data-star=\"3\">\n            <div class=\"kksr-icon\" style=\"width: px; height: px;\"><\/div>\n        <\/div>\n            <div class=\"kksr-star\" data-star=\"4\">\n            <div class=\"kksr-icon\" style=\"width: px; height: px;\"><\/div>\n        <\/div>\n            <div class=\"kksr-star\" data-star=\"5\">\n            <div class=\"kksr-icon\" style=\"width: px; height: px;\"><\/div>\n        <\/div>\n    <\/div>\n    <div class=\"kksr-stars-active\" style=\"width: 0px;\">\n            <div class=\"kksr-star\">\n            <div class=\"kksr-icon\" style=\"width: px; height: px;\"><\/div>\n        <\/div>\n            <div class=\"kksr-star\">\n            <div class=\"kksr-icon\" style=\"width: px; height: px;\"><\/div>\n        <\/div>\n            <div class=\"kksr-star\">\n            <div class=\"kksr-icon\" style=\"width: px; height: px;\"><\/div>\n        <\/div>\n            <div class=\"kksr-star\">\n            <div class=\"kksr-icon\" style=\"width: px; height: px;\"><\/div>\n        <\/div>\n            <div class=\"kksr-star\">\n            <div class=\"kksr-icon\" style=\"width: px; height: px;\"><\/div>\n        <\/div>\n    <\/div>\n<\/div>\n    <div class=\"kksr-legend\">\n            <span class=\"kksr-muted\"><\/span>\n    <\/div>\n<\/div>\n","protected":false},"excerpt":{"rendered":"<p>L\u2019isolation thermique est une \u00e9tape primordiale dans la construction ou la r\u00e9novation des combles d\u2019une maison. En plus d\u2019am\u00e9liorer le confort, elle permet la r\u00e9alisation d\u2019\u00e9conomies d\u2019\u00e9nergie. N\u2019oubliez pas de faire r\u00e9aliser auparavant un diagnostic et renseignez-vous sur les aides auxquelles vous pouvez pr\u00e9tendre pour ces travaux d\u2019isolation. \u00a0Petit passage en revue des diff\u00e9rents isolants &hellip; <a href=\"http:\/\/www.appeloffreduparticulier.com\/blog\/isolant-choisir-vos-combles\/\" class=\"more-link\">Continuer la lecture<span class=\"screen-reader-text\"> de &laquo;&nbsp;Quel isolant choisir pour vos combles ?&nbsp;&raquo;<\/span><\/a><\/p>\n","protected":false},"author":2,"featured_media":108,"comment_status":"closed","ping_status":"closed","sticky":false,"template":"","format":"standard","meta":[],"categories":[8],"tags":[],"yoast_head":"<!-- This site is optimized with the Yoast SEO plugin v17.1 - https:\/\/yoast.com\/wordpress\/plugins\/seo\/ -->\n<title>Quel isolant choisir pour vos combles ? - Appel offre particulier - site pour trouver une annonce de devis ou un appel d&#039;offre<\/title>\n<meta name=\"robots\" content=\"index, follow, max-snippet:-1, max-image-preview:large, max-video-preview:-1\" \/>\n<link rel=\"canonical\" href=\"http:\/\/www.appeloffreduparticulier.com\/blog\/isolant-choisir-vos-combles\/\" \/>\n<meta property=\"og:locale\" content=\"fr_FR\" \/>\n<meta property=\"og:type\" content=\"article\" \/>\n<meta property=\"og:title\" content=\"Quel isolant choisir pour vos combles ? - Appel offre particulier - site pour trouver une annonce de devis ou un appel d&#039;offre\" \/>\n<meta property=\"og:description\" content=\"L\u2019isolation thermique est une \u00e9tape primordiale dans la construction ou la r\u00e9novation des combles d\u2019une maison. En plus d\u2019am\u00e9liorer le confort, elle permet la r\u00e9alisation d\u2019\u00e9conomies d\u2019\u00e9nergie. N\u2019oubliez pas de faire r\u00e9aliser auparavant un diagnostic et renseignez-vous sur les aides auxquelles vous pouvez pr\u00e9tendre pour ces travaux d\u2019isolation. \u00a0Petit passage en revue des diff\u00e9rents isolants &hellip; Continuer la lecture de &laquo;&nbsp;Quel isolant choisir pour vos combles ?&nbsp;&raquo;\" \/>\n<meta property=\"og:url\" content=\"http:\/\/www.appeloffreduparticulier.com\/blog\/isolant-choisir-vos-combles\/\" \/>\n<meta property=\"og:site_name\" content=\"Appel offre particulier - site pour trouver une annonce de devis ou un appel d&#039;offre\" \/>\n<meta property=\"article:published_time\" content=\"2017-03-12T16:00:46+00:00\" \/>\n<meta property=\"article:modified_time\" content=\"2017-03-12T16:02:44+00:00\" \/>\n<meta property=\"og:image\" content=\"http:\/\/www.appeloffreduparticulier.com\/blog\/wp-content\/uploads\/2017\/03\/i_508244_01.jpg\" \/>\n\t<meta property=\"og:image:width\" content=\"640\" \/>\n\t<meta property=\"og:image:height\" content=\"480\" \/>\n<meta name=\"twitter:card\" content=\"summary\" \/>\n<meta name=\"twitter:label1\" content=\"\u00c9crit par\" \/>\n\t<meta name=\"twitter:data1\" content=\"Sandrine\" \/>\n\t<meta name=\"twitter:label2\" content=\"Dur\u00e9e de lecture est.\" \/>\n\t<meta name=\"twitter:data2\" content=\"2 minutes\" \/>\n<script type=\"application\/ld+json\" class=\"yoast-schema-graph\">{\"@context\":\"https:\/\/schema.org\",\"@graph\":[{\"@type\":\"WebSite\",\"@id\":\"http:\/\/www.appeloffreduparticulier.com\/blog\/#website\",\"url\":\"http:\/\/www.appeloffreduparticulier.com\/blog\/\",\"name\":\"Appel offre particulier - site pour trouver une annonce de devis ou un appel d&#039;offre\",\"description\":\"Articles pour ne pas se tromper dans votre annonce de particulier et aussi dans vos appels d&#039;offre (travaux ou autres)\",\"potentialAction\":[{\"@type\":\"SearchAction\",\"target\":{\"@type\":\"EntryPoint\",\"urlTemplate\":\"http:\/\/www.appeloffreduparticulier.com\/blog\/?s={search_term_string}\"},\"query-input\":\"required name=search_term_string\"}],\"inLanguage\":\"fr-FR\"},{\"@type\":\"ImageObject\",\"@id\":\"http:\/\/www.appeloffreduparticulier.com\/blog\/isolant-choisir-vos-combles\/#primaryimage\",\"inLanguage\":\"fr-FR\",\"url\":\"http:\/\/www.appeloffreduparticulier.com\/blog\/wp-content\/uploads\/2017\/03\/i_508244_01.jpg\",\"contentUrl\":\"http:\/\/www.appeloffreduparticulier.com\/blog\/wp-content\/uploads\/2017\/03\/i_508244_01.jpg\",\"width\":640,\"height\":480},{\"@type\":\"WebPage\",\"@id\":\"http:\/\/www.appeloffreduparticulier.com\/blog\/isolant-choisir-vos-combles\/#webpage\",\"url\":\"http:\/\/www.appeloffreduparticulier.com\/blog\/isolant-choisir-vos-combles\/\",\"name\":\"Quel isolant choisir pour vos combles ? - Appel offre particulier - site pour trouver une annonce de devis ou un appel d&#039;offre\",\"isPartOf\":{\"@id\":\"http:\/\/www.appeloffreduparticulier.com\/blog\/#website\"},\"primaryImageOfPage\":{\"@id\":\"http:\/\/www.appeloffreduparticulier.com\/blog\/isolant-choisir-vos-combles\/#primaryimage\"},\"datePublished\":\"2017-03-12T16:00:46+00:00\",\"dateModified\":\"2017-03-12T16:02:44+00:00\",\"author\":{\"@id\":\"http:\/\/www.appeloffreduparticulier.com\/blog\/#\/schema\/person\/9221836eb9e7614689c6b49fb2faf0f6\"},\"breadcrumb\":{\"@id\":\"http:\/\/www.appeloffreduparticulier.com\/blog\/isolant-choisir-vos-combles\/#breadcrumb\"},\"inLanguage\":\"fr-FR\",\"potentialAction\":[{\"@type\":\"ReadAction\",\"target\":[\"http:\/\/www.appeloffreduparticulier.com\/blog\/isolant-choisir-vos-combles\/\"]}]},{\"@type\":\"BreadcrumbList\",\"@id\":\"http:\/\/www.appeloffreduparticulier.com\/blog\/isolant-choisir-vos-combles\/#breadcrumb\",\"itemListElement\":[{\"@type\":\"ListItem\",\"position\":1,\"name\":\"Accueil\",\"item\":\"http:\/\/www.appeloffreduparticulier.com\/blog\/\"},{\"@type\":\"ListItem\",\"position\":2,\"name\":\"Quel isolant choisir pour vos combles ?\"}]},{\"@type\":\"Person\",\"@id\":\"http:\/\/www.appeloffreduparticulier.com\/blog\/#\/schema\/person\/9221836eb9e7614689c6b49fb2faf0f6\",\"name\":\"Sandrine\",\"image\":{\"@type\":\"ImageObject\",\"@id\":\"http:\/\/www.appeloffreduparticulier.com\/blog\/#personlogo\",\"inLanguage\":\"fr-FR\",\"url\":\"http:\/\/0.gravatar.com\/avatar\/3e70ef1e4a58c2818016331a195ea567?s=96&d=mm&r=g\",\"contentUrl\":\"http:\/\/0.gravatar.com\/avatar\/3e70ef1e4a58c2818016331a195ea567?s=96&d=mm&r=g\",\"caption\":\"Sandrine\"},\"url\":\"http:\/\/www.appeloffreduparticulier.com\/blog\/author\/sandrine\/\"}]}<\/script>\n<!-- \/ Yoast SEO plugin. -->","yoast_head_json":{"title":"Quel isolant choisir pour vos combles ? - Appel offre particulier - site pour trouver une annonce de devis ou un appel d&#039;offre","robots":{"index":"index","follow":"follow","max-snippet":"max-snippet:-1","max-image-preview":"max-image-preview:large","max-video-preview":"max-video-preview:-1"},"canonical":"http:\/\/www.appeloffreduparticulier.com\/blog\/isolant-choisir-vos-combles\/","og_locale":"fr_FR","og_type":"article","og_title":"Quel isolant choisir pour vos combles ? - Appel offre particulier - site pour trouver une annonce de devis ou un appel d&#039;offre","og_description":"L\u2019isolation thermique est une \u00e9tape primordiale dans la construction ou la r\u00e9novation des combles d\u2019une maison. En plus d\u2019am\u00e9liorer le confort, elle permet la r\u00e9alisation d\u2019\u00e9conomies d\u2019\u00e9nergie. N\u2019oubliez pas de faire r\u00e9aliser auparavant un diagnostic et renseignez-vous sur les aides auxquelles vous pouvez pr\u00e9tendre pour ces travaux d\u2019isolation. \u00a0Petit passage en revue des diff\u00e9rents isolants &hellip; Continuer la lecture de &laquo;&nbsp;Quel isolant choisir pour vos combles ?&nbsp;&raquo;","og_url":"http:\/\/www.appeloffreduparticulier.com\/blog\/isolant-choisir-vos-combles\/","og_site_name":"Appel offre particulier - site pour trouver une annonce de devis ou un appel d&#039;offre","article_published_time":"2017-03-12T16:00:46+00:00","article_modified_time":"2017-03-12T16:02:44+00:00","og_image":[{"width":640,"height":480,"url":"http:\/\/www.appeloffreduparticulier.com\/blog\/wp-content\/uploads\/2017\/03\/i_508244_01.jpg","path":"\/home\/appel149\/public_html\/blog\/wp-content\/uploads\/2017\/03\/i_508244_01.jpg","size":"full","id":108,"alt":"","pixels":307200,"type":"image\/jpeg"}],"twitter_card":"summary","twitter_misc":{"\u00c9crit par":"Sandrine","Dur\u00e9e de lecture est.":"2 minutes"},"schema":{"@context":"https:\/\/schema.org","@graph":[{"@type":"WebSite","@id":"http:\/\/www.appeloffreduparticulier.com\/blog\/#website","url":"http:\/\/www.appeloffreduparticulier.com\/blog\/","name":"Appel offre particulier - site pour trouver une annonce de devis ou un appel d&#039;offre","description":"Articles pour ne pas se tromper dans votre annonce de particulier et aussi dans vos appels d&#039;offre (travaux ou autres)","potentialAction":[{"@type":"SearchAction","target":{"@type":"EntryPoint","urlTemplate":"http:\/\/www.appeloffreduparticulier.com\/blog\/?s={search_term_string}"},"query-input":"required name=search_term_string"}],"inLanguage":"fr-FR"},{"@type":"ImageObject","@id":"http:\/\/www.appeloffreduparticulier.com\/blog\/isolant-choisir-vos-combles\/#primaryimage","inLanguage":"fr-FR","url":"http:\/\/www.appeloffreduparticulier.com\/blog\/wp-content\/uploads\/2017\/03\/i_508244_01.jpg","contentUrl":"http:\/\/www.appeloffreduparticulier.com\/blog\/wp-content\/uploads\/2017\/03\/i_508244_01.jpg","width":640,"height":480},{"@type":"WebPage","@id":"http:\/\/www.appeloffreduparticulier.com\/blog\/isolant-choisir-vos-combles\/#webpage","url":"http:\/\/www.appeloffreduparticulier.com\/blog\/isolant-choisir-vos-combles\/","name":"Quel isolant choisir pour vos combles ? - Appel offre particulier - site pour trouver une annonce de devis ou un appel d&#039;offre","isPartOf":{"@id":"http:\/\/www.appeloffreduparticulier.com\/blog\/#website"},"primaryImageOfPage":{"@id":"http:\/\/www.appeloffreduparticulier.com\/blog\/isolant-choisir-vos-combles\/#primaryimage"},"datePublished":"2017-03-12T16:00:46+00:00","dateModified":"2017-03-12T16:02:44+00:00","author":{"@id":"http:\/\/www.appeloffreduparticulier.com\/blog\/#\/schema\/person\/9221836eb9e7614689c6b49fb2faf0f6"},"breadcrumb":{"@id":"http:\/\/www.appeloffreduparticulier.com\/blog\/isolant-choisir-vos-combles\/#breadcrumb"},"inLanguage":"fr-FR","potentialAction":[{"@type":"ReadAction","target":["http:\/\/www.appeloffreduparticulier.com\/blog\/isolant-choisir-vos-combles\/"]}]},{"@type":"BreadcrumbList","@id":"http:\/\/www.appeloffreduparticulier.com\/blog\/isolant-choisir-vos-combles\/#breadcrumb","itemListElement":[{"@type":"ListItem","position":1,"name":"Accueil","item":"http:\/\/www.appeloffreduparticulier.com\/blog\/"},{"@type":"ListItem","position":2,"name":"Quel isolant choisir pour vos combles ?"}]},{"@type":"Person","@id":"http:\/\/www.appeloffreduparticulier.com\/blog\/#\/schema\/person\/9221836eb9e7614689c6b49fb2faf0f6","name":"Sandrine","image":{"@type":"ImageObject","@id":"http:\/\/www.appeloffreduparticulier.com\/blog\/#personlogo","inLanguage":"fr-FR","url":"http:\/\/0.gravatar.com\/avatar\/3e70ef1e4a58c2818016331a195ea567?s=96&d=mm&r=g","contentUrl":"http:\/\/0.gravatar.com\/avatar\/3e70ef1e4a58c2818016331a195ea567?s=96&d=mm&r=g","caption":"Sandrine"},"url":"http:\/\/www.appeloffreduparticulier.com\/blog\/author\/sandrine\/"}]}},"_links":{"self":[{"href":"http:\/\/www.appeloffreduparticulier.com\/blog\/wp-json\/wp\/v2\/posts\/107"}],"collection":[{"href":"http:\/\/www.appeloffreduparticulier.com\/blog\/wp-json\/wp\/v2\/posts"}],"about":[{"href":"http:\/\/www.appeloffreduparticulier.com\/blog\/wp-json\/wp\/v2\/types\/post"}],"author":[{"embeddable":true,"href":"http:\/\/www.appeloffreduparticulier.com\/blog\/wp-json\/wp\/v2\/users\/2"}],"replies":[{"embeddable":true,"href":"http:\/\/www.appeloffreduparticulier.com\/blog\/wp-json\/wp\/v2\/comments?post=107"}],"version-history":[{"count":3,"href":"http:\/\/www.appeloffreduparticulier.com\/blog\/wp-json\/wp\/v2\/posts\/107\/revisions"}],"predecessor-version":[{"id":111,"href":"http:\/\/www.appeloffreduparticulier.com\/blog\/wp-json\/wp\/v2\/posts\/107\/revisions\/111"}],"wp:featuredmedia":[{"embeddable":true,"href":"http:\/\/www.appeloffreduparticulier.com\/blog\/wp-json\/wp\/v2\/media\/108"}],"wp:attachment":[{"href":"http:\/\/www.appeloffreduparticulier.com\/blog\/wp-json\/wp\/v2\/media?parent=107"}],"wp:term":[{"taxonomy":"category","embeddable":true,"href":"http:\/\/www.appeloffreduparticulier.com\/blog\/wp-json\/wp\/v2\/categories?post=107"},{"taxonomy":"post_tag","embeddable":true,"href":"http:\/\/www.appeloffreduparticulier.com\/blog\/wp-json\/wp\/v2\/tags?post=107"}],"curies":[{"name":"wp","href":"https:\/\/api.w.org\/{rel}","templated":true}]}}