{"id":159,"date":"2018-01-02T10:19:58","date_gmt":"2018-01-02T09:19:58","guid":{"rendered":"http:\/\/www.appeloffreduparticulier.com\/blog\/?p=159"},"modified":"2018-01-02T10:19:58","modified_gmt":"2018-01-02T09:19:58","slug":"2018-3-mesures-majeures-evoluer-lauto-entreprise","status":"publish","type":"post","link":"http:\/\/www.appeloffreduparticulier.com\/blog\/2018-3-mesures-majeures-evoluer-lauto-entreprise\/","title":{"rendered":"2018, les 3 mesures majeures qui font \u00e9voluer l&rsquo;auto-entreprise"},"content":{"rendered":"<p style=\"text-align: justify;\">L\u2019ann\u00e9e 2018 marque le d\u00e9but du changement en France, notamment au niveau de l\u2019appr\u00e9ciation de la mont\u00e9e du nombre d\u2019<a href=\"http:\/\/www.appeloffreduparticulier.com\/\">auto-entrepreneurs<\/a> qui augmente. L\u2019auto-entreprise \u00e9volue au fil du temps, c&rsquo;est pourquoi il est int\u00e9ressant de voir les bases ou les trois mesures majeures qui ont \u00e9t\u00e9 \u00e0 l\u2019origine de cela. D\u00e9coulant du projet de loi de finances pour l&rsquo;ann\u00e9e 2018, voici ce qu\u2019il en est de tout cela.<\/p>\n<h2 style=\"text-align: justify;\">Tout est une histoire de chiffre d\u2019affaires<\/h2>\n<p style=\"text-align: justify;\">La premi\u00e8re mesure prise par le gouvernement consiste \u00e0 b\u00e9n\u00e9ficier de plus d\u2019avantages sociaux pour les auto-entrepreneurs sur une p\u00e9riode prolong\u00e9e en comptant bien que leur chiffre d\u2019affaires ne d\u00e9passe pas un certain seuil. En effet, en rehaussant le chiffre d\u2019affaires d\u2019un <a href=\"http:\/\/www.appeloffreduparticulier.com\/deposer-annonce-particulier-pro.php\">auto-entrepreneur<\/a> peut atteindre au lieu de laisser le seuil tel quelle, le projet de loi de finances vise \u00e0 p\u00e9renniser le d\u00e9veloppement des micros entreprises.<\/p>\n<p>La seconde mesure du projet de loi de finances visant une exon\u00e9ration d\u2019imp\u00f4ts sur \u00ab la Cotisation Fonci\u00e8re des Entreprises (CFE) \u00bb est aussi une bonne mesure qui att\u00e9nue les d\u00e9penses des micros entreprises dont le chiffre d\u2019affaires est en dessous de 5\u00a0000 \u20ac et leur fait faire des \u00e9conomies.<\/p>\n<h2 style=\"text-align: justify;\">M\u00eame les demandeurs d&#8217;emploi pourront d\u00e9sormais devenir auto-entrepreneurs<\/h2>\n<p style=\"text-align: justify;\">La troisi\u00e8me mesure du projet de loi de finances concernant le dispositif d\u2019aide au ch\u00f4meur cr\u00e9ant ou reprenant une entreprise (ACCRE) arrivera \u00e9galement \u00e0 point nomm\u00e9, en 2019, pour venir en aide aux auto-entrepreneurs qui ne connaissent pas encore de grands march\u00e9s et dont les revenus et chiffres d\u2019affaires sont encore \u00e0 acqu\u00e9rir. En effet, cette mesure est avantageuse dans le sens que lorsque l&rsquo;ensemble des cotisations de s\u00e9curit\u00e9 sociale seront exon\u00e9r\u00e9es\u00a0cela pourra booster l\u2019\u00e9conomie et surtout l\u2019entrepreneuriat ind\u00e9pendant. De ce fait, l\u2019\u00e9volution de la France concernera une grande partie de sa population dans le domaine de<a href=\"http:\/\/www.appeloffreduparticulier.com\/blog\/comment-developper-son-entreprise-et-trouver-des-prospects-sur-des-sites-dannonces-gratuites\/\"> l\u2019auto-entreprise.<\/a><\/p>\n<div style=\"display: none;\"\n    class=\"kk-star-ratings kksr-valign-bottom kksr-align-left kksr-disabled\"\n    data-id=\"159\"\n    data-slug=\"\">\n    <div class=\"kksr-stars\">\n    <div class=\"kksr-stars-inactive\">\n            <div class=\"kksr-star\" data-star=\"1\">\n            <div class=\"kksr-icon\" style=\"width: px; height: px;\"><\/div>\n        <\/div>\n            <div class=\"kksr-star\" data-star=\"2\">\n            <div class=\"kksr-icon\" style=\"width: px; height: px;\"><\/div>\n        <\/div>\n            <div class=\"kksr-star\" data-star=\"3\">\n            <div class=\"kksr-icon\" style=\"width: px; height: px;\"><\/div>\n        <\/div>\n            <div class=\"kksr-star\" data-star=\"4\">\n            <div class=\"kksr-icon\" style=\"width: px; height: px;\"><\/div>\n        <\/div>\n            <div class=\"kksr-star\" data-star=\"5\">\n            <div class=\"kksr-icon\" style=\"width: px; height: px;\"><\/div>\n        <\/div>\n    <\/div>\n    <div class=\"kksr-stars-active\" style=\"width: 0px;\">\n            <div class=\"kksr-star\">\n            <div class=\"kksr-icon\" style=\"width: px; height: px;\"><\/div>\n        <\/div>\n            <div class=\"kksr-star\">\n            <div class=\"kksr-icon\" style=\"width: px; height: px;\"><\/div>\n        <\/div>\n            <div class=\"kksr-star\">\n            <div class=\"kksr-icon\" style=\"width: px; height: px;\"><\/div>\n        <\/div>\n            <div class=\"kksr-star\">\n            <div class=\"kksr-icon\" style=\"width: px; height: px;\"><\/div>\n        <\/div>\n            <div class=\"kksr-star\">\n            <div class=\"kksr-icon\" style=\"width: px; height: px;\"><\/div>\n        <\/div>\n    <\/div>\n<\/div>\n    <div class=\"kksr-legend\">\n            <strong class=\"kksr-score\">5<\/strong>\n        <span class=\"kksr-muted\">\/<\/span>\n        <strong>5<\/strong>\n        <span class=\"kksr-muted\">(<\/span>\n        <strong class=\"kksr-count\">1<\/strong>\n        <span class=\"kksr-muted\">\n            vote        <\/span>\n        <span class=\"kksr-muted\">)<\/span>\n    <\/div>\n<\/div>\n","protected":false},"excerpt":{"rendered":"<p>L\u2019ann\u00e9e 2018 marque le d\u00e9but du changement en France, notamment au niveau de l\u2019appr\u00e9ciation de la mont\u00e9e du nombre d\u2019auto-entrepreneurs qui augmente. L\u2019auto-entreprise \u00e9volue au fil du temps, c&rsquo;est pourquoi il est int\u00e9ressant de voir les bases ou les trois mesures majeures qui ont \u00e9t\u00e9 \u00e0 l\u2019origine de cela. D\u00e9coulant du projet de loi de &hellip; <a href=\"http:\/\/www.appeloffreduparticulier.com\/blog\/2018-3-mesures-majeures-evoluer-lauto-entreprise\/\" class=\"more-link\">Continuer la lecture<span class=\"screen-reader-text\"> de &laquo;&nbsp;2018, les 3 mesures majeures qui font \u00e9voluer l&rsquo;auto-entreprise&nbsp;&raquo;<\/span><\/a><\/p>\n","protected":false},"author":2,"featured_media":160,"comment_status":"closed","ping_status":"closed","sticky":false,"template":"","format":"standard","meta":[],"categories":[12],"tags":[],"yoast_head":"<!-- This site is optimized with the Yoast SEO plugin v17.1 - https:\/\/yoast.com\/wordpress\/plugins\/seo\/ -->\n<title>2018, les trois mesures majeures qui font \u00e9voluer l\u2019auto-entreprise<\/title>\n<meta name=\"description\" content=\"L\u2019auto-entreprise \u00e9volue en France gr\u00e2ce \u00e0 la mise en place du projet de loi de finances 2018\" \/>\n<meta name=\"robots\" content=\"index, follow, max-snippet:-1, max-image-preview:large, max-video-preview:-1\" \/>\n<link rel=\"canonical\" href=\"https:\/\/www.appeloffreduparticulier.com\/blog\/2018-3-mesures-majeures-evoluer-lauto-entreprise\/\" \/>\n<meta property=\"og:locale\" content=\"fr_FR\" \/>\n<meta property=\"og:type\" content=\"article\" \/>\n<meta property=\"og:title\" content=\"2018, les trois mesures majeures qui font \u00e9voluer l\u2019auto-entreprise\" \/>\n<meta property=\"og:description\" content=\"L\u2019auto-entreprise \u00e9volue en France gr\u00e2ce \u00e0 la mise en place du projet de loi de finances 2018\" \/>\n<meta property=\"og:url\" content=\"https:\/\/www.appeloffreduparticulier.com\/blog\/2018-3-mesures-majeures-evoluer-lauto-entreprise\/\" \/>\n<meta property=\"og:site_name\" content=\"Appel offre particulier - site pour trouver une annonce de devis ou un appel d&#039;offre\" \/>\n<meta property=\"article:published_time\" content=\"2018-01-02T09:19:58+00:00\" \/>\n<meta property=\"og:image\" content=\"http:\/\/www.appeloffreduparticulier.com\/blog\/wp-content\/uploads\/2017\/12\/stickies-2764648_640.png\" \/>\n\t<meta property=\"og:image:width\" content=\"640\" \/>\n\t<meta property=\"og:image:height\" content=\"418\" \/>\n<meta name=\"twitter:card\" content=\"summary\" \/>\n<meta name=\"twitter:label1\" content=\"\u00c9crit par\" \/>\n\t<meta name=\"twitter:data1\" content=\"Sandrine\" \/>\n\t<meta name=\"twitter:label2\" content=\"Dur\u00e9e de lecture est.\" \/>\n\t<meta name=\"twitter:data2\" content=\"2 minutes\" \/>\n<script type=\"application\/ld+json\" class=\"yoast-schema-graph\">{\"@context\":\"https:\/\/schema.org\",\"@graph\":[{\"@type\":\"WebSite\",\"@id\":\"https:\/\/www.appeloffreduparticulier.com\/blog\/#website\",\"url\":\"https:\/\/www.appeloffreduparticulier.com\/blog\/\",\"name\":\"Appel offre particulier - site pour trouver une annonce de devis ou un appel d&#039;offre\",\"description\":\"Articles pour ne pas se tromper dans votre annonce de particulier et aussi dans vos appels d&#039;offre (travaux ou autres)\",\"potentialAction\":[{\"@type\":\"SearchAction\",\"target\":{\"@type\":\"EntryPoint\",\"urlTemplate\":\"https:\/\/www.appeloffreduparticulier.com\/blog\/?s={search_term_string}\"},\"query-input\":\"required name=search_term_string\"}],\"inLanguage\":\"fr-FR\"},{\"@type\":\"ImageObject\",\"@id\":\"https:\/\/www.appeloffreduparticulier.com\/blog\/2018-3-mesures-majeures-evoluer-lauto-entreprise\/#primaryimage\",\"inLanguage\":\"fr-FR\",\"url\":\"http:\/\/www.appeloffreduparticulier.com\/blog\/wp-content\/uploads\/2017\/12\/stickies-2764648_640.png\",\"contentUrl\":\"http:\/\/www.appeloffreduparticulier.com\/blog\/wp-content\/uploads\/2017\/12\/stickies-2764648_640.png\",\"width\":640,\"height\":418},{\"@type\":\"WebPage\",\"@id\":\"https:\/\/www.appeloffreduparticulier.com\/blog\/2018-3-mesures-majeures-evoluer-lauto-entreprise\/#webpage\",\"url\":\"https:\/\/www.appeloffreduparticulier.com\/blog\/2018-3-mesures-majeures-evoluer-lauto-entreprise\/\",\"name\":\"2018, les trois mesures majeures qui font \\u00e9voluer l\\u2019auto-entreprise\",\"isPartOf\":{\"@id\":\"https:\/\/www.appeloffreduparticulier.com\/blog\/#website\"},\"primaryImageOfPage\":{\"@id\":\"https:\/\/www.appeloffreduparticulier.com\/blog\/2018-3-mesures-majeures-evoluer-lauto-entreprise\/#primaryimage\"},\"datePublished\":\"2018-01-02T09:19:58+00:00\",\"dateModified\":\"2018-01-02T09:19:58+00:00\",\"author\":{\"@id\":\"https:\/\/www.appeloffreduparticulier.com\/blog\/#\/schema\/person\/9221836eb9e7614689c6b49fb2faf0f6\"},\"description\":\"L\\u2019auto-entreprise \\u00e9volue en France gr\\u00e2ce \\u00e0 la mise en place du projet de loi de finances 2018\",\"breadcrumb\":{\"@id\":\"https:\/\/www.appeloffreduparticulier.com\/blog\/2018-3-mesures-majeures-evoluer-lauto-entreprise\/#breadcrumb\"},\"inLanguage\":\"fr-FR\",\"potentialAction\":[{\"@type\":\"ReadAction\",\"target\":[\"https:\/\/www.appeloffreduparticulier.com\/blog\/2018-3-mesures-majeures-evoluer-lauto-entreprise\/\"]}]},{\"@type\":\"BreadcrumbList\",\"@id\":\"https:\/\/www.appeloffreduparticulier.com\/blog\/2018-3-mesures-majeures-evoluer-lauto-entreprise\/#breadcrumb\",\"itemListElement\":[{\"@type\":\"ListItem\",\"position\":1,\"name\":\"Accueil\",\"item\":\"https:\/\/www.appeloffreduparticulier.com\/blog\/\"},{\"@type\":\"ListItem\",\"position\":2,\"name\":\"2018, les 3 mesures majeures qui font \\u00e9voluer l&rsquo;auto-entreprise\"}]},{\"@type\":\"Person\",\"@id\":\"https:\/\/www.appeloffreduparticulier.com\/blog\/#\/schema\/person\/9221836eb9e7614689c6b49fb2faf0f6\",\"name\":\"Sandrine\",\"image\":{\"@type\":\"ImageObject\",\"@id\":\"https:\/\/www.appeloffreduparticulier.com\/blog\/#personlogo\",\"inLanguage\":\"fr-FR\",\"url\":\"http:\/\/0.gravatar.com\/avatar\/3e70ef1e4a58c2818016331a195ea567?s=96&d=mm&r=g\",\"contentUrl\":\"http:\/\/0.gravatar.com\/avatar\/3e70ef1e4a58c2818016331a195ea567?s=96&d=mm&r=g\",\"caption\":\"Sandrine\"},\"url\":\"http:\/\/www.appeloffreduparticulier.com\/blog\/author\/sandrine\/\"}]}<\/script>\n<!-- \/ Yoast SEO plugin. -->","yoast_head_json":{"title":"2018, les trois mesures majeures qui font \u00e9voluer l\u2019auto-entreprise","description":"L\u2019auto-entreprise \u00e9volue en France gr\u00e2ce \u00e0 la mise en place du projet de loi de finances 2018","robots":{"index":"index","follow":"follow","max-snippet":"max-snippet:-1","max-image-preview":"max-image-preview:large","max-video-preview":"max-video-preview:-1"},"canonical":"https:\/\/www.appeloffreduparticulier.com\/blog\/2018-3-mesures-majeures-evoluer-lauto-entreprise\/","og_locale":"fr_FR","og_type":"article","og_title":"2018, les trois mesures majeures qui font \u00e9voluer l\u2019auto-entreprise","og_description":"L\u2019auto-entreprise \u00e9volue en France gr\u00e2ce \u00e0 la mise en place du projet de loi de finances 2018","og_url":"https:\/\/www.appeloffreduparticulier.com\/blog\/2018-3-mesures-majeures-evoluer-lauto-entreprise\/","og_site_name":"Appel offre particulier - site pour trouver une annonce de devis ou un appel d&#039;offre","article_published_time":"2018-01-02T09:19:58+00:00","og_image":[{"width":640,"height":418,"url":"http:\/\/www.appeloffreduparticulier.com\/blog\/wp-content\/uploads\/2017\/12\/stickies-2764648_640.png","path":"\/home\/appel149\/public_html\/blog\/wp-content\/uploads\/2017\/12\/stickies-2764648_640.png","size":"full","id":160,"alt":"","pixels":267520,"type":"image\/png"}],"twitter_card":"summary","twitter_misc":{"\u00c9crit par":"Sandrine","Dur\u00e9e de lecture est.":"2 minutes"},"schema":{"@context":"https:\/\/schema.org","@graph":[{"@type":"WebSite","@id":"https:\/\/www.appeloffreduparticulier.com\/blog\/#website","url":"https:\/\/www.appeloffreduparticulier.com\/blog\/","name":"Appel offre particulier - site pour trouver une annonce de devis ou un appel d&#039;offre","description":"Articles pour ne pas se tromper dans votre annonce de particulier et aussi dans vos appels d&#039;offre (travaux ou autres)","potentialAction":[{"@type":"SearchAction","target":{"@type":"EntryPoint","urlTemplate":"https:\/\/www.appeloffreduparticulier.com\/blog\/?s={search_term_string}"},"query-input":"required name=search_term_string"}],"inLanguage":"fr-FR"},{"@type":"ImageObject","@id":"https:\/\/www.appeloffreduparticulier.com\/blog\/2018-3-mesures-majeures-evoluer-lauto-entreprise\/#primaryimage","inLanguage":"fr-FR","url":"http:\/\/www.appeloffreduparticulier.com\/blog\/wp-content\/uploads\/2017\/12\/stickies-2764648_640.png","contentUrl":"http:\/\/www.appeloffreduparticulier.com\/blog\/wp-content\/uploads\/2017\/12\/stickies-2764648_640.png","width":640,"height":418},{"@type":"WebPage","@id":"https:\/\/www.appeloffreduparticulier.com\/blog\/2018-3-mesures-majeures-evoluer-lauto-entreprise\/#webpage","url":"https:\/\/www.appeloffreduparticulier.com\/blog\/2018-3-mesures-majeures-evoluer-lauto-entreprise\/","name":"2018, les trois mesures majeures qui font \u00e9voluer l\u2019auto-entreprise","isPartOf":{"@id":"https:\/\/www.appeloffreduparticulier.com\/blog\/#website"},"primaryImageOfPage":{"@id":"https:\/\/www.appeloffreduparticulier.com\/blog\/2018-3-mesures-majeures-evoluer-lauto-entreprise\/#primaryimage"},"datePublished":"2018-01-02T09:19:58+00:00","dateModified":"2018-01-02T09:19:58+00:00","author":{"@id":"https:\/\/www.appeloffreduparticulier.com\/blog\/#\/schema\/person\/9221836eb9e7614689c6b49fb2faf0f6"},"description":"L\u2019auto-entreprise \u00e9volue en France gr\u00e2ce \u00e0 la mise en place du projet de loi de finances 2018","breadcrumb":{"@id":"https:\/\/www.appeloffreduparticulier.com\/blog\/2018-3-mesures-majeures-evoluer-lauto-entreprise\/#breadcrumb"},"inLanguage":"fr-FR","potentialAction":[{"@type":"ReadAction","target":["https:\/\/www.appeloffreduparticulier.com\/blog\/2018-3-mesures-majeures-evoluer-lauto-entreprise\/"]}]},{"@type":"BreadcrumbList","@id":"https:\/\/www.appeloffreduparticulier.com\/blog\/2018-3-mesures-majeures-evoluer-lauto-entreprise\/#breadcrumb","itemListElement":[{"@type":"ListItem","position":1,"name":"Accueil","item":"https:\/\/www.appeloffreduparticulier.com\/blog\/"},{"@type":"ListItem","position":2,"name":"2018, les 3 mesures majeures qui font \u00e9voluer l&rsquo;auto-entreprise"}]},{"@type":"Person","@id":"https:\/\/www.appeloffreduparticulier.com\/blog\/#\/schema\/person\/9221836eb9e7614689c6b49fb2faf0f6","name":"Sandrine","image":{"@type":"ImageObject","@id":"https:\/\/www.appeloffreduparticulier.com\/blog\/#personlogo","inLanguage":"fr-FR","url":"http:\/\/0.gravatar.com\/avatar\/3e70ef1e4a58c2818016331a195ea567?s=96&d=mm&r=g","contentUrl":"http:\/\/0.gravatar.com\/avatar\/3e70ef1e4a58c2818016331a195ea567?s=96&d=mm&r=g","caption":"Sandrine"},"url":"http:\/\/www.appeloffreduparticulier.com\/blog\/author\/sandrine\/"}]}},"_links":{"self":[{"href":"http:\/\/www.appeloffreduparticulier.com\/blog\/wp-json\/wp\/v2\/posts\/159"}],"collection":[{"href":"http:\/\/www.appeloffreduparticulier.com\/blog\/wp-json\/wp\/v2\/posts"}],"about":[{"href":"http:\/\/www.appeloffreduparticulier.com\/blog\/wp-json\/wp\/v2\/types\/post"}],"author":[{"embeddable":true,"href":"http:\/\/www.appeloffreduparticulier.com\/blog\/wp-json\/wp\/v2\/users\/2"}],"replies":[{"embeddable":true,"href":"http:\/\/www.appeloffreduparticulier.com\/blog\/wp-json\/wp\/v2\/comments?post=159"}],"version-history":[{"count":2,"href":"http:\/\/www.appeloffreduparticulier.com\/blog\/wp-json\/wp\/v2\/posts\/159\/revisions"}],"predecessor-version":[{"id":163,"href":"http:\/\/www.appeloffreduparticulier.com\/blog\/wp-json\/wp\/v2\/posts\/159\/revisions\/163"}],"wp:featuredmedia":[{"embeddable":true,"href":"http:\/\/www.appeloffreduparticulier.com\/blog\/wp-json\/wp\/v2\/media\/160"}],"wp:attachment":[{"href":"http:\/\/www.appeloffreduparticulier.com\/blog\/wp-json\/wp\/v2\/media?parent=159"}],"wp:term":[{"taxonomy":"category","embeddable":true,"href":"http:\/\/www.appeloffreduparticulier.com\/blog\/wp-json\/wp\/v2\/categories?post=159"},{"taxonomy":"post_tag","embeddable":true,"href":"http:\/\/www.appeloffreduparticulier.com\/blog\/wp-json\/wp\/v2\/tags?post=159"}],"curies":[{"name":"wp","href":"https:\/\/api.w.org\/{rel}","templated":true}]}}