{"id":164,"date":"2018-01-07T14:03:56","date_gmt":"2018-01-07T13:03:56","guid":{"rendered":"http:\/\/www.appeloffreduparticulier.com\/blog\/?p=164"},"modified":"2018-01-07T14:03:56","modified_gmt":"2018-01-07T13:03:56","slug":"declaration-chiffre-daffaires-obligation-liee-statut-de-auto-entrepreneur","status":"publish","type":"post","link":"http:\/\/www.appeloffreduparticulier.com\/blog\/declaration-chiffre-daffaires-obligation-liee-statut-de-auto-entrepreneur\/","title":{"rendered":"La d\u00e9claration du chiffre d&rsquo;affaires est une obligation li\u00e9e au statut de auto-entrepreneur"},"content":{"rendered":"<p style=\"text-align: justify;\">En tant qu\u2019<a href=\"http:\/\/www.appeloffreduparticulier.com\/deposer-annonce-particulier-pro.php\">auto-entrepreneur<\/a> agr\u00e9\u00e9 et poss\u00e9dant un num\u00e9ro de Siret, apr\u00e8s une p\u00e9riode o\u00f9 votre chiffre d\u2019affaires doit \u00eatre d\u00e9sormais d\u00e9clar\u00e9 aupr\u00e8s des autorit\u00e9s comp\u00e9tentes, il faut savoir comment s\u2019y prendre. En effet, la d\u00e9claration de chiffre d\u2019affaires est une obligation qui est reli\u00e9e au statut d\u2019auto-entrepreneur afin que celui-ci b\u00e9n\u00e9ficie d\u2019un calcul sur ces cotisations sociales.<\/p>\n<h2 style=\"text-align: justify;\">Les dates et les diff\u00e9rentes options pour une premi\u00e8re d\u00e9claration de chiffre d\u2019affaires<\/h2>\n<p style=\"text-align: justify;\">Au moment d\u2019entreprendre une activit\u00e9 quelle qu&rsquo;elle soit, en tant qu\u2019entrepreneur ind\u00e9pendant, l\u2019option de d\u00e9claration du premier chiffre d\u2019affaires peut se faire de deux mani\u00e8res\u00a0: soit \u00ab mensuellement \u00bb, soit \u00ab par trimestre \u00bb. On donne le choix \u00e0 la<a href=\"http:\/\/www.appeloffreduparticulier.com\/\"> micro-entreprise<\/a> au moment de sa d\u00e9claration de d\u00e9but d\u2019activit\u00e9, mais toute modification au cours de l\u2019ann\u00e9e civile peut se faire sur demande, mais avant le 31 octobre.<\/p>\n<p>Apr\u00e8s les trois premiers mois \u00e0 compter de la date de mise en activit\u00e9 de votre entreprise, une premi\u00e8re d\u00e9claration du CA (chiffre d\u2019affaires) doit d\u00e9j\u00e0 \u00eatre envoy\u00e9e aupr\u00e8s des autorit\u00e9s comp\u00e9tentes afin de pouvoir mettre \u00e0 jour votre situation en tant qu\u2019auto-entrepreneur. Toute d\u00e9claration peut \u00eatre r\u00e9dig\u00e9e en ligne ou sous un format papier, mais l\u00e0 encore des pr\u00e9cisions sont \u00e0 respecter.<\/p>\n<h2 style=\"text-align: justify;\">Quelles diff\u00e9rences entre une d\u00e9claration en ligne et sur papier ?<\/h2>\n<p style=\"text-align: justify;\">Apr\u00e8s la r\u00e9ception physique d\u2019un r\u00e9capitulatif des charges sociales que vous aurez \u00e0 payer qui vous sera adress\u00e9 par votre CFE, il suffit simplement de remplir ce formulaire et de l\u2019envoyer en faisant bien attention aux dates mentionn\u00e9es.<\/p>\n<p>En ligne, il faut simplement avoir un compte et de v\u00e9rifier si tous les mois ou tous les trimestres une demande de d\u00e9claration de chiffre d\u2019affaires vous parvient. Dans tous les cas, chaque <a href=\"http:\/\/www.appeloffreduparticulier.com\/blog\/artisan-auto-entrepreneur-devenu-obligatoire-detre-titulaire-dune-qualification-professionnelle-metier\/\">auto-entrepreneur<\/a> est soumis par la loi \u00e0 d\u00e9clarer son CA sous peine de p\u00e9nalit\u00e9s de retard.<\/p>\n<div style=\"display: none;\"\n    class=\"kk-star-ratings kksr-valign-bottom kksr-align-left kksr-disabled\"\n    data-id=\"164\"\n    data-slug=\"\">\n    <div class=\"kksr-stars\">\n    <div class=\"kksr-stars-inactive\">\n            <div class=\"kksr-star\" data-star=\"1\">\n            <div class=\"kksr-icon\" style=\"width: px; height: px;\"><\/div>\n        <\/div>\n            <div class=\"kksr-star\" data-star=\"2\">\n            <div class=\"kksr-icon\" style=\"width: px; height: px;\"><\/div>\n        <\/div>\n            <div class=\"kksr-star\" data-star=\"3\">\n            <div class=\"kksr-icon\" style=\"width: px; height: px;\"><\/div>\n        <\/div>\n            <div class=\"kksr-star\" data-star=\"4\">\n            <div class=\"kksr-icon\" style=\"width: px; height: px;\"><\/div>\n        <\/div>\n            <div class=\"kksr-star\" data-star=\"5\">\n            <div class=\"kksr-icon\" style=\"width: px; height: px;\"><\/div>\n        <\/div>\n    <\/div>\n    <div class=\"kksr-stars-active\" style=\"width: 0px;\">\n            <div class=\"kksr-star\">\n            <div class=\"kksr-icon\" style=\"width: px; height: px;\"><\/div>\n        <\/div>\n            <div class=\"kksr-star\">\n            <div class=\"kksr-icon\" style=\"width: px; height: px;\"><\/div>\n        <\/div>\n            <div class=\"kksr-star\">\n            <div class=\"kksr-icon\" style=\"width: px; height: px;\"><\/div>\n        <\/div>\n            <div class=\"kksr-star\">\n            <div class=\"kksr-icon\" style=\"width: px; height: px;\"><\/div>\n        <\/div>\n            <div class=\"kksr-star\">\n            <div class=\"kksr-icon\" style=\"width: px; height: px;\"><\/div>\n        <\/div>\n    <\/div>\n<\/div>\n    <div class=\"kksr-legend\">\n            <strong class=\"kksr-score\">5<\/strong>\n        <span class=\"kksr-muted\">\/<\/span>\n        <strong>5<\/strong>\n        <span class=\"kksr-muted\">(<\/span>\n        <strong class=\"kksr-count\">1<\/strong>\n        <span class=\"kksr-muted\">\n            vote        <\/span>\n        <span class=\"kksr-muted\">)<\/span>\n    <\/div>\n<\/div>\n","protected":false},"excerpt":{"rendered":"<p>En tant qu\u2019auto-entrepreneur agr\u00e9\u00e9 et poss\u00e9dant un num\u00e9ro de Siret, apr\u00e8s une p\u00e9riode o\u00f9 votre chiffre d\u2019affaires doit \u00eatre d\u00e9sormais d\u00e9clar\u00e9 aupr\u00e8s des autorit\u00e9s comp\u00e9tentes, il faut savoir comment s\u2019y prendre. En effet, la d\u00e9claration de chiffre d\u2019affaires est une obligation qui est reli\u00e9e au statut d\u2019auto-entrepreneur afin que celui-ci b\u00e9n\u00e9ficie d\u2019un calcul sur ces &hellip; <a href=\"http:\/\/www.appeloffreduparticulier.com\/blog\/declaration-chiffre-daffaires-obligation-liee-statut-de-auto-entrepreneur\/\" class=\"more-link\">Continuer la lecture<span class=\"screen-reader-text\"> de &laquo;&nbsp;La d\u00e9claration du chiffre d&rsquo;affaires est une obligation li\u00e9e au statut de auto-entrepreneur&nbsp;&raquo;<\/span><\/a><\/p>\n","protected":false},"author":2,"featured_media":165,"comment_status":"closed","ping_status":"closed","sticky":false,"template":"","format":"standard","meta":[],"categories":[12],"tags":[],"yoast_head":"<!-- This site is optimized with the Yoast SEO plugin v17.1 - https:\/\/yoast.com\/wordpress\/plugins\/seo\/ -->\n<title>La d\u00e9claration du chiffre d&#039;affaires est une obligation li\u00e9e au statut de auto-entrepreneur<\/title>\n<meta name=\"description\" content=\"Chaque auto-entrepreneur est soumis par la loi \u00e0 d\u00e9clarer son CA\" \/>\n<meta name=\"robots\" content=\"index, follow, max-snippet:-1, max-image-preview:large, max-video-preview:-1\" \/>\n<link rel=\"canonical\" href=\"http:\/\/www.appeloffreduparticulier.com\/blog\/declaration-chiffre-daffaires-obligation-liee-statut-de-auto-entrepreneur\/\" \/>\n<meta property=\"og:locale\" content=\"fr_FR\" \/>\n<meta property=\"og:type\" content=\"article\" \/>\n<meta property=\"og:title\" content=\"La d\u00e9claration du chiffre d&#039;affaires est une obligation li\u00e9e au statut de auto-entrepreneur\" \/>\n<meta property=\"og:description\" content=\"Chaque auto-entrepreneur est soumis par la loi \u00e0 d\u00e9clarer son CA\" \/>\n<meta property=\"og:url\" content=\"http:\/\/www.appeloffreduparticulier.com\/blog\/declaration-chiffre-daffaires-obligation-liee-statut-de-auto-entrepreneur\/\" \/>\n<meta property=\"og:site_name\" content=\"Appel offre particulier - site pour trouver une annonce de devis ou un appel d&#039;offre\" \/>\n<meta property=\"article:published_time\" content=\"2018-01-07T13:03:56+00:00\" \/>\n<meta property=\"og:image\" content=\"https:\/\/www.appeloffreduparticulier.com\/blog\/wp-content\/uploads\/2018\/01\/business-man-2452808_640.jpg\" \/>\n\t<meta property=\"og:image:width\" content=\"640\" \/>\n\t<meta property=\"og:image:height\" content=\"426\" \/>\n<meta name=\"twitter:card\" content=\"summary\" \/>\n<meta name=\"twitter:label1\" content=\"\u00c9crit par\" \/>\n\t<meta name=\"twitter:data1\" content=\"Sandrine\" \/>\n\t<meta name=\"twitter:label2\" content=\"Dur\u00e9e de lecture est.\" \/>\n\t<meta name=\"twitter:data2\" content=\"2 minutes\" \/>\n<script type=\"application\/ld+json\" class=\"yoast-schema-graph\">{\"@context\":\"https:\/\/schema.org\",\"@graph\":[{\"@type\":\"WebSite\",\"@id\":\"http:\/\/www.appeloffreduparticulier.com\/blog\/#website\",\"url\":\"http:\/\/www.appeloffreduparticulier.com\/blog\/\",\"name\":\"Appel offre particulier - site pour trouver une annonce de devis ou un appel d&#039;offre\",\"description\":\"Articles pour ne pas se tromper dans votre annonce de particulier et aussi dans vos appels d&#039;offre (travaux ou autres)\",\"potentialAction\":[{\"@type\":\"SearchAction\",\"target\":{\"@type\":\"EntryPoint\",\"urlTemplate\":\"http:\/\/www.appeloffreduparticulier.com\/blog\/?s={search_term_string}\"},\"query-input\":\"required name=search_term_string\"}],\"inLanguage\":\"fr-FR\"},{\"@type\":\"ImageObject\",\"@id\":\"http:\/\/www.appeloffreduparticulier.com\/blog\/declaration-chiffre-daffaires-obligation-liee-statut-de-auto-entrepreneur\/#primaryimage\",\"inLanguage\":\"fr-FR\",\"url\":\"http:\/\/www.appeloffreduparticulier.com\/blog\/wp-content\/uploads\/2018\/01\/business-man-2452808_640.jpg\",\"contentUrl\":\"http:\/\/www.appeloffreduparticulier.com\/blog\/wp-content\/uploads\/2018\/01\/business-man-2452808_640.jpg\",\"width\":640,\"height\":426},{\"@type\":\"WebPage\",\"@id\":\"http:\/\/www.appeloffreduparticulier.com\/blog\/declaration-chiffre-daffaires-obligation-liee-statut-de-auto-entrepreneur\/#webpage\",\"url\":\"http:\/\/www.appeloffreduparticulier.com\/blog\/declaration-chiffre-daffaires-obligation-liee-statut-de-auto-entrepreneur\/\",\"name\":\"La d\\u00e9claration du chiffre d'affaires est une obligation li\\u00e9e au statut de auto-entrepreneur\",\"isPartOf\":{\"@id\":\"http:\/\/www.appeloffreduparticulier.com\/blog\/#website\"},\"primaryImageOfPage\":{\"@id\":\"http:\/\/www.appeloffreduparticulier.com\/blog\/declaration-chiffre-daffaires-obligation-liee-statut-de-auto-entrepreneur\/#primaryimage\"},\"datePublished\":\"2018-01-07T13:03:56+00:00\",\"dateModified\":\"2018-01-07T13:03:56+00:00\",\"author\":{\"@id\":\"http:\/\/www.appeloffreduparticulier.com\/blog\/#\/schema\/person\/9221836eb9e7614689c6b49fb2faf0f6\"},\"description\":\"Chaque auto-entrepreneur est soumis par la loi \\u00e0 d\\u00e9clarer son CA\",\"breadcrumb\":{\"@id\":\"http:\/\/www.appeloffreduparticulier.com\/blog\/declaration-chiffre-daffaires-obligation-liee-statut-de-auto-entrepreneur\/#breadcrumb\"},\"inLanguage\":\"fr-FR\",\"potentialAction\":[{\"@type\":\"ReadAction\",\"target\":[\"http:\/\/www.appeloffreduparticulier.com\/blog\/declaration-chiffre-daffaires-obligation-liee-statut-de-auto-entrepreneur\/\"]}]},{\"@type\":\"BreadcrumbList\",\"@id\":\"http:\/\/www.appeloffreduparticulier.com\/blog\/declaration-chiffre-daffaires-obligation-liee-statut-de-auto-entrepreneur\/#breadcrumb\",\"itemListElement\":[{\"@type\":\"ListItem\",\"position\":1,\"name\":\"Accueil\",\"item\":\"http:\/\/www.appeloffreduparticulier.com\/blog\/\"},{\"@type\":\"ListItem\",\"position\":2,\"name\":\"La d\\u00e9claration du chiffre d&rsquo;affaires est une obligation li\\u00e9e au statut de auto-entrepreneur\"}]},{\"@type\":\"Person\",\"@id\":\"http:\/\/www.appeloffreduparticulier.com\/blog\/#\/schema\/person\/9221836eb9e7614689c6b49fb2faf0f6\",\"name\":\"Sandrine\",\"image\":{\"@type\":\"ImageObject\",\"@id\":\"http:\/\/www.appeloffreduparticulier.com\/blog\/#personlogo\",\"inLanguage\":\"fr-FR\",\"url\":\"http:\/\/0.gravatar.com\/avatar\/3e70ef1e4a58c2818016331a195ea567?s=96&d=mm&r=g\",\"contentUrl\":\"http:\/\/0.gravatar.com\/avatar\/3e70ef1e4a58c2818016331a195ea567?s=96&d=mm&r=g\",\"caption\":\"Sandrine\"},\"url\":\"http:\/\/www.appeloffreduparticulier.com\/blog\/author\/sandrine\/\"}]}<\/script>\n<!-- \/ Yoast SEO plugin. -->","yoast_head_json":{"title":"La d\u00e9claration du chiffre d'affaires est une obligation li\u00e9e au statut de auto-entrepreneur","description":"Chaque auto-entrepreneur est soumis par la loi \u00e0 d\u00e9clarer son CA","robots":{"index":"index","follow":"follow","max-snippet":"max-snippet:-1","max-image-preview":"max-image-preview:large","max-video-preview":"max-video-preview:-1"},"canonical":"http:\/\/www.appeloffreduparticulier.com\/blog\/declaration-chiffre-daffaires-obligation-liee-statut-de-auto-entrepreneur\/","og_locale":"fr_FR","og_type":"article","og_title":"La d\u00e9claration du chiffre d'affaires est une obligation li\u00e9e au statut de auto-entrepreneur","og_description":"Chaque auto-entrepreneur est soumis par la loi \u00e0 d\u00e9clarer son CA","og_url":"http:\/\/www.appeloffreduparticulier.com\/blog\/declaration-chiffre-daffaires-obligation-liee-statut-de-auto-entrepreneur\/","og_site_name":"Appel offre particulier - site pour trouver une annonce de devis ou un appel d&#039;offre","article_published_time":"2018-01-07T13:03:56+00:00","og_image":[{"width":640,"height":426,"url":"https:\/\/www.appeloffreduparticulier.com\/blog\/wp-content\/uploads\/2018\/01\/business-man-2452808_640.jpg","path":"\/home\/appel149\/public_html\/blog\/wp-content\/uploads\/2018\/01\/business-man-2452808_640.jpg","size":"full","id":165,"alt":"","pixels":272640,"type":"image\/jpeg"}],"twitter_card":"summary","twitter_misc":{"\u00c9crit par":"Sandrine","Dur\u00e9e de lecture est.":"2 minutes"},"schema":{"@context":"https:\/\/schema.org","@graph":[{"@type":"WebSite","@id":"http:\/\/www.appeloffreduparticulier.com\/blog\/#website","url":"http:\/\/www.appeloffreduparticulier.com\/blog\/","name":"Appel offre particulier - site pour trouver une annonce de devis ou un appel d&#039;offre","description":"Articles pour ne pas se tromper dans votre annonce de particulier et aussi dans vos appels d&#039;offre (travaux ou autres)","potentialAction":[{"@type":"SearchAction","target":{"@type":"EntryPoint","urlTemplate":"http:\/\/www.appeloffreduparticulier.com\/blog\/?s={search_term_string}"},"query-input":"required name=search_term_string"}],"inLanguage":"fr-FR"},{"@type":"ImageObject","@id":"http:\/\/www.appeloffreduparticulier.com\/blog\/declaration-chiffre-daffaires-obligation-liee-statut-de-auto-entrepreneur\/#primaryimage","inLanguage":"fr-FR","url":"http:\/\/www.appeloffreduparticulier.com\/blog\/wp-content\/uploads\/2018\/01\/business-man-2452808_640.jpg","contentUrl":"http:\/\/www.appeloffreduparticulier.com\/blog\/wp-content\/uploads\/2018\/01\/business-man-2452808_640.jpg","width":640,"height":426},{"@type":"WebPage","@id":"http:\/\/www.appeloffreduparticulier.com\/blog\/declaration-chiffre-daffaires-obligation-liee-statut-de-auto-entrepreneur\/#webpage","url":"http:\/\/www.appeloffreduparticulier.com\/blog\/declaration-chiffre-daffaires-obligation-liee-statut-de-auto-entrepreneur\/","name":"La d\u00e9claration du chiffre d'affaires est une obligation li\u00e9e au statut de auto-entrepreneur","isPartOf":{"@id":"http:\/\/www.appeloffreduparticulier.com\/blog\/#website"},"primaryImageOfPage":{"@id":"http:\/\/www.appeloffreduparticulier.com\/blog\/declaration-chiffre-daffaires-obligation-liee-statut-de-auto-entrepreneur\/#primaryimage"},"datePublished":"2018-01-07T13:03:56+00:00","dateModified":"2018-01-07T13:03:56+00:00","author":{"@id":"http:\/\/www.appeloffreduparticulier.com\/blog\/#\/schema\/person\/9221836eb9e7614689c6b49fb2faf0f6"},"description":"Chaque auto-entrepreneur est soumis par la loi \u00e0 d\u00e9clarer son CA","breadcrumb":{"@id":"http:\/\/www.appeloffreduparticulier.com\/blog\/declaration-chiffre-daffaires-obligation-liee-statut-de-auto-entrepreneur\/#breadcrumb"},"inLanguage":"fr-FR","potentialAction":[{"@type":"ReadAction","target":["http:\/\/www.appeloffreduparticulier.com\/blog\/declaration-chiffre-daffaires-obligation-liee-statut-de-auto-entrepreneur\/"]}]},{"@type":"BreadcrumbList","@id":"http:\/\/www.appeloffreduparticulier.com\/blog\/declaration-chiffre-daffaires-obligation-liee-statut-de-auto-entrepreneur\/#breadcrumb","itemListElement":[{"@type":"ListItem","position":1,"name":"Accueil","item":"http:\/\/www.appeloffreduparticulier.com\/blog\/"},{"@type":"ListItem","position":2,"name":"La d\u00e9claration du chiffre d&rsquo;affaires est une obligation li\u00e9e au statut de auto-entrepreneur"}]},{"@type":"Person","@id":"http:\/\/www.appeloffreduparticulier.com\/blog\/#\/schema\/person\/9221836eb9e7614689c6b49fb2faf0f6","name":"Sandrine","image":{"@type":"ImageObject","@id":"http:\/\/www.appeloffreduparticulier.com\/blog\/#personlogo","inLanguage":"fr-FR","url":"http:\/\/0.gravatar.com\/avatar\/3e70ef1e4a58c2818016331a195ea567?s=96&d=mm&r=g","contentUrl":"http:\/\/0.gravatar.com\/avatar\/3e70ef1e4a58c2818016331a195ea567?s=96&d=mm&r=g","caption":"Sandrine"},"url":"http:\/\/www.appeloffreduparticulier.com\/blog\/author\/sandrine\/"}]}},"_links":{"self":[{"href":"http:\/\/www.appeloffreduparticulier.com\/blog\/wp-json\/wp\/v2\/posts\/164"}],"collection":[{"href":"http:\/\/www.appeloffreduparticulier.com\/blog\/wp-json\/wp\/v2\/posts"}],"about":[{"href":"http:\/\/www.appeloffreduparticulier.com\/blog\/wp-json\/wp\/v2\/types\/post"}],"author":[{"embeddable":true,"href":"http:\/\/www.appeloffreduparticulier.com\/blog\/wp-json\/wp\/v2\/users\/2"}],"replies":[{"embeddable":true,"href":"http:\/\/www.appeloffreduparticulier.com\/blog\/wp-json\/wp\/v2\/comments?post=164"}],"version-history":[{"count":1,"href":"http:\/\/www.appeloffreduparticulier.com\/blog\/wp-json\/wp\/v2\/posts\/164\/revisions"}],"predecessor-version":[{"id":166,"href":"http:\/\/www.appeloffreduparticulier.com\/blog\/wp-json\/wp\/v2\/posts\/164\/revisions\/166"}],"wp:featuredmedia":[{"embeddable":true,"href":"http:\/\/www.appeloffreduparticulier.com\/blog\/wp-json\/wp\/v2\/media\/165"}],"wp:attachment":[{"href":"http:\/\/www.appeloffreduparticulier.com\/blog\/wp-json\/wp\/v2\/media?parent=164"}],"wp:term":[{"taxonomy":"category","embeddable":true,"href":"http:\/\/www.appeloffreduparticulier.com\/blog\/wp-json\/wp\/v2\/categories?post=164"},{"taxonomy":"post_tag","embeddable":true,"href":"http:\/\/www.appeloffreduparticulier.com\/blog\/wp-json\/wp\/v2\/tags?post=164"}],"curies":[{"name":"wp","href":"https:\/\/api.w.org\/{rel}","templated":true}]}}