{"id":380,"date":"2022-01-28T13:00:00","date_gmt":"2022-01-28T12:00:00","guid":{"rendered":"http:\/\/www.appeloffreduparticulier.com\/blog\/?p=380"},"modified":"2022-01-28T07:45:32","modified_gmt":"2022-01-28T06:45:32","slug":"l-auto-entrepreneur-peut-il-choisir-un-nom-commercial","status":"publish","type":"post","link":"http:\/\/www.appeloffreduparticulier.com\/blog\/l-auto-entrepreneur-peut-il-choisir-un-nom-commercial\/","title":{"rendered":"L&rsquo;auto-entrepreneur peut-il choisir un nom commercial ?"},"content":{"rendered":"\n<p class=\"has-text-align-left\">Avoir un <strong>nom commercial<\/strong> et \u00e9galement un logo peut vous aider \u00e0 vous faire remarquer par de nouveaux clients. Il va vous aider ainsi \u00e0 \u00eatre unique et diff\u00e9rent par rapport \u00e0 vos concurrents. Mais attention, un nom commercial n\u2019est absolument pas la m\u00eame chose qu\u2019une marque. Nous nous proposons de faire le point sur ces deux notions.<\/p>\n\n\n\n<h2>Nom commercial et micro-entreprise&nbsp;&nbsp;<\/h2>\n\n\n\n<p>Que vous soyez en phase de cr\u00e9ation ou que vous ayez d\u00e9j\u00e0 cr\u00e9\u00e9 votre<a href=\"https:\/\/www.appeloffreduparticulier.com\/inscription.php\"> auto-entreprise<\/a>, vous devez n\u00e9cessairement utiliser votre nom et pr\u00e9nom, comme raison sociale. La raison est plut\u00f4t simple : Il s\u2019agit d\u2019une structure sans patrimoine propre. En d&rsquo;autres termes, l\u2019<strong>auto-entrepreneur <\/strong>et son entreprise ne font qu\u2019un.\u00a0<\/p>\n\n\n\n<p>Ainsi, sur votre <strong>devis<\/strong> ou sur votre<strong> facture<\/strong>, vous pouvez sans aucun probl\u00e8me indiquer votre <a href=\"https:\/\/www.appeloffreduparticulier.com\/blog\/faire-connaitre-entreprise\/\">nom commercial<\/a> et votre<strong> logo<\/strong>. Par contre, pour que cette derni\u00e8re ait une r\u00e9elle valeur juridique, votre nom et pr\u00e9nom doivent imp\u00e9rativement \u00eatre pr\u00e9sents.\u00a0<\/p>\n\n\n\n<p>Gr\u00e2ce \u00e0 cette tol\u00e9rance, vous pouvez avoir un <a href=\"https:\/\/www.appeloffreduparticulier.com\/index.php\">nom commercial<\/a> pour chacune de vos activit\u00e9s, tout en ayant une seule et unique micro-entreprise. Si vous souhaitez le prot\u00e9ger, vous devrez faire une d\u00e9claration de ce dernier aupr\u00e8s de votre centre de formalit\u00e9 d\u2019entreprise. Par contre, vous n\u2019aurez pas besoin de l&rsquo;enregistrer \u00e0 l\u2019<strong>INPI<\/strong>.\u00a0<\/p>\n\n\n\n<h2>Nom de marque et auto-entreprise<\/h2>\n\n\n\n<p>M\u00eame si le nom commercial prot\u00e8ge un minimum l\u2019auto-entrepreneur, un nom de marque assure une garantie bien sup\u00e9rieure. Il faut savoir que la marque est une propri\u00e9t\u00e9 industrielle que vous devez imp\u00e9rativement d\u00e9poser aupr\u00e8s de l\u2019INPI. Vous en serez propri\u00e9taire pour 10 ans et cela est renouvelable ind\u00e9finiment.<\/p>\n\n\n\n<p>Attention, par d\u00e9faut, la protection est valable uniquement sur le territoire national. Si vous le souhaitez, il est \u00e9galement possible de r\u00e9aliser cette d\u00e9marche \u00e0 l&rsquo;international. Cette d\u00e9marche est payante, mais vous aurez ainsi la garantie qu\u2019aucune autre entreprise en France n\u2019utilise le m\u00eame nom que vous.&nbsp;<\/p>\n\n\n\n<p>De plus, en d\u00e9posant un <strong>nom de marque<\/strong>, aucune entreprise, quelle qu&rsquo;elle soit, ne pourra utiliser ce nom, m\u00eame en tant que nom commercial. Cette proc\u00e9dure peut \u00eatre lanc\u00e9e \u00e0 n\u2019importe quel moment que vous soyez en cours d\u2019immatriculation ou que vous exerciez votre <strong>activit\u00e9 commerciale<\/strong>.\u00a0<\/p>\n\n\n\n<p>Attention, vous devez vous assurer qu\u2019aucune autre entreprise ne poss\u00e8de d\u00e9j\u00e0 ce nom de marque. Sachez que l\u2019INPI peut \u00e9galement faire des recherches sur des noms de marque (homonyme, recherche de logo), mais cette d\u00e9marche implique un co\u00fbt suppl\u00e9mentaire. Le d\u00e9p\u00f4t se fait directement sur le site INPI et vous co\u00fbtera la somme de 200 \u20ac.<\/p>\n<div style=\"display: none;\"\n    class=\"kk-star-ratings kksr-valign-bottom kksr-align-left kksr-disabled\"\n    data-id=\"380\"\n    data-slug=\"\">\n    <div class=\"kksr-stars\">\n    <div class=\"kksr-stars-inactive\">\n            <div class=\"kksr-star\" data-star=\"1\">\n            <div class=\"kksr-icon\" style=\"width: px; height: px;\"><\/div>\n        <\/div>\n            <div class=\"kksr-star\" data-star=\"2\">\n            <div class=\"kksr-icon\" style=\"width: px; height: px;\"><\/div>\n        <\/div>\n            <div class=\"kksr-star\" data-star=\"3\">\n            <div class=\"kksr-icon\" style=\"width: px; height: px;\"><\/div>\n        <\/div>\n            <div class=\"kksr-star\" data-star=\"4\">\n            <div class=\"kksr-icon\" style=\"width: px; height: px;\"><\/div>\n        <\/div>\n            <div class=\"kksr-star\" data-star=\"5\">\n            <div class=\"kksr-icon\" style=\"width: px; height: px;\"><\/div>\n        <\/div>\n    <\/div>\n    <div class=\"kksr-stars-active\" style=\"width: 0px;\">\n            <div class=\"kksr-star\">\n            <div class=\"kksr-icon\" style=\"width: px; height: px;\"><\/div>\n        <\/div>\n            <div class=\"kksr-star\">\n            <div class=\"kksr-icon\" style=\"width: px; height: px;\"><\/div>\n        <\/div>\n            <div class=\"kksr-star\">\n            <div class=\"kksr-icon\" style=\"width: px; height: px;\"><\/div>\n        <\/div>\n            <div class=\"kksr-star\">\n            <div class=\"kksr-icon\" style=\"width: px; height: px;\"><\/div>\n        <\/div>\n            <div class=\"kksr-star\">\n            <div class=\"kksr-icon\" style=\"width: px; height: px;\"><\/div>\n        <\/div>\n    <\/div>\n<\/div>\n    <div class=\"kksr-legend\">\n            <span class=\"kksr-muted\"><\/span>\n    <\/div>\n<\/div>\n","protected":false},"excerpt":{"rendered":"<p>Avoir un nom commercial et \u00e9galement un logo peut vous aider \u00e0 vous faire remarquer par de nouveaux clients. Il va vous aider ainsi \u00e0 \u00eatre unique et diff\u00e9rent par rapport \u00e0 vos concurrents. Mais attention, un nom commercial n\u2019est absolument pas la m\u00eame chose qu\u2019une marque. Nous nous proposons de faire le point sur &hellip; <a href=\"http:\/\/www.appeloffreduparticulier.com\/blog\/l-auto-entrepreneur-peut-il-choisir-un-nom-commercial\/\" class=\"more-link\">Continuer la lecture<span class=\"screen-reader-text\"> de &laquo;&nbsp;L&rsquo;auto-entrepreneur peut-il choisir un nom commercial ?&nbsp;&raquo;<\/span><\/a><\/p>\n","protected":false},"author":2,"featured_media":381,"comment_status":"closed","ping_status":"closed","sticky":false,"template":"","format":"standard","meta":[],"categories":[13,12],"tags":[],"yoast_head":"<!-- This site is optimized with the Yoast SEO plugin v17.1 - https:\/\/yoast.com\/wordpress\/plugins\/seo\/ -->\n<title>L&#039;auto-entrepreneur peut-il choisir un nom commercial ? - Appel offre particulier - site pour trouver une annonce de devis ou un appel d&#039;offre<\/title>\n<meta name=\"description\" content=\"Quels sont les diff\u00e9rences entre une marque et un nom commercial et une micro entreprise peut-elle en b\u00e9n\u00e9ficier ? On vous dit tout.\" \/>\n<meta name=\"robots\" content=\"index, follow, max-snippet:-1, max-image-preview:large, max-video-preview:-1\" \/>\n<link rel=\"canonical\" href=\"http:\/\/www.appeloffreduparticulier.com\/blog\/l-auto-entrepreneur-peut-il-choisir-un-nom-commercial\/\" \/>\n<meta property=\"og:locale\" content=\"fr_FR\" \/>\n<meta property=\"og:type\" content=\"article\" \/>\n<meta property=\"og:title\" content=\"L&#039;auto-entrepreneur peut-il choisir un nom commercial ? - Appel offre particulier - site pour trouver une annonce de devis ou un appel d&#039;offre\" \/>\n<meta property=\"og:description\" content=\"Quels sont les diff\u00e9rences entre une marque et un nom commercial et une micro entreprise peut-elle en b\u00e9n\u00e9ficier ? On vous dit tout.\" \/>\n<meta property=\"og:url\" content=\"http:\/\/www.appeloffreduparticulier.com\/blog\/l-auto-entrepreneur-peut-il-choisir-un-nom-commercial\/\" \/>\n<meta property=\"og:site_name\" content=\"Appel offre particulier - site pour trouver une annonce de devis ou un appel d&#039;offre\" \/>\n<meta property=\"article:published_time\" content=\"2022-01-28T12:00:00+00:00\" \/>\n<meta property=\"article:modified_time\" content=\"2022-01-28T06:45:32+00:00\" \/>\n<meta property=\"og:image\" content=\"http:\/\/www.appeloffreduparticulier.com\/blog\/wp-content\/uploads\/2022\/01\/business-card-g6f8af03ae_1280.png\" \/>\n\t<meta property=\"og:image:width\" content=\"1280\" \/>\n\t<meta property=\"og:image:height\" content=\"851\" \/>\n<meta name=\"twitter:card\" content=\"summary\" \/>\n<meta name=\"twitter:label1\" content=\"\u00c9crit par\" \/>\n\t<meta name=\"twitter:data1\" content=\"Sandrine\" \/>\n\t<meta name=\"twitter:label2\" content=\"Dur\u00e9e de lecture est.\" \/>\n\t<meta name=\"twitter:data2\" content=\"2 minutes\" \/>\n<script type=\"application\/ld+json\" class=\"yoast-schema-graph\">{\"@context\":\"https:\/\/schema.org\",\"@graph\":[{\"@type\":\"WebSite\",\"@id\":\"http:\/\/www.appeloffreduparticulier.com\/blog\/#website\",\"url\":\"http:\/\/www.appeloffreduparticulier.com\/blog\/\",\"name\":\"Appel offre particulier - site pour trouver une annonce de devis ou un appel d&#039;offre\",\"description\":\"Articles pour ne pas se tromper dans votre annonce de particulier et aussi dans vos appels d&#039;offre (travaux ou autres)\",\"potentialAction\":[{\"@type\":\"SearchAction\",\"target\":{\"@type\":\"EntryPoint\",\"urlTemplate\":\"http:\/\/www.appeloffreduparticulier.com\/blog\/?s={search_term_string}\"},\"query-input\":\"required name=search_term_string\"}],\"inLanguage\":\"fr-FR\"},{\"@type\":\"ImageObject\",\"@id\":\"http:\/\/www.appeloffreduparticulier.com\/blog\/l-auto-entrepreneur-peut-il-choisir-un-nom-commercial\/#primaryimage\",\"inLanguage\":\"fr-FR\",\"url\":\"http:\/\/www.appeloffreduparticulier.com\/blog\/wp-content\/uploads\/2022\/01\/business-card-g6f8af03ae_1280.png\",\"contentUrl\":\"http:\/\/www.appeloffreduparticulier.com\/blog\/wp-content\/uploads\/2022\/01\/business-card-g6f8af03ae_1280.png\",\"width\":1280,\"height\":851},{\"@type\":\"WebPage\",\"@id\":\"http:\/\/www.appeloffreduparticulier.com\/blog\/l-auto-entrepreneur-peut-il-choisir-un-nom-commercial\/#webpage\",\"url\":\"http:\/\/www.appeloffreduparticulier.com\/blog\/l-auto-entrepreneur-peut-il-choisir-un-nom-commercial\/\",\"name\":\"L'auto-entrepreneur peut-il choisir un nom commercial ? - Appel offre particulier - site pour trouver une annonce de devis ou un appel d&#039;offre\",\"isPartOf\":{\"@id\":\"http:\/\/www.appeloffreduparticulier.com\/blog\/#website\"},\"primaryImageOfPage\":{\"@id\":\"http:\/\/www.appeloffreduparticulier.com\/blog\/l-auto-entrepreneur-peut-il-choisir-un-nom-commercial\/#primaryimage\"},\"datePublished\":\"2022-01-28T12:00:00+00:00\",\"dateModified\":\"2022-01-28T06:45:32+00:00\",\"author\":{\"@id\":\"http:\/\/www.appeloffreduparticulier.com\/blog\/#\/schema\/person\/9221836eb9e7614689c6b49fb2faf0f6\"},\"description\":\"Quels sont les diff\\u00e9rences entre une marque et un nom commercial et une micro entreprise peut-elle en b\\u00e9n\\u00e9ficier ? On vous dit tout.\",\"breadcrumb\":{\"@id\":\"http:\/\/www.appeloffreduparticulier.com\/blog\/l-auto-entrepreneur-peut-il-choisir-un-nom-commercial\/#breadcrumb\"},\"inLanguage\":\"fr-FR\",\"potentialAction\":[{\"@type\":\"ReadAction\",\"target\":[\"http:\/\/www.appeloffreduparticulier.com\/blog\/l-auto-entrepreneur-peut-il-choisir-un-nom-commercial\/\"]}]},{\"@type\":\"BreadcrumbList\",\"@id\":\"http:\/\/www.appeloffreduparticulier.com\/blog\/l-auto-entrepreneur-peut-il-choisir-un-nom-commercial\/#breadcrumb\",\"itemListElement\":[{\"@type\":\"ListItem\",\"position\":1,\"name\":\"Accueil\",\"item\":\"http:\/\/www.appeloffreduparticulier.com\/blog\/\"},{\"@type\":\"ListItem\",\"position\":2,\"name\":\"L&rsquo;auto-entrepreneur peut-il choisir un nom commercial ?\"}]},{\"@type\":\"Person\",\"@id\":\"http:\/\/www.appeloffreduparticulier.com\/blog\/#\/schema\/person\/9221836eb9e7614689c6b49fb2faf0f6\",\"name\":\"Sandrine\",\"image\":{\"@type\":\"ImageObject\",\"@id\":\"http:\/\/www.appeloffreduparticulier.com\/blog\/#personlogo\",\"inLanguage\":\"fr-FR\",\"url\":\"http:\/\/0.gravatar.com\/avatar\/3e70ef1e4a58c2818016331a195ea567?s=96&d=mm&r=g\",\"contentUrl\":\"http:\/\/0.gravatar.com\/avatar\/3e70ef1e4a58c2818016331a195ea567?s=96&d=mm&r=g\",\"caption\":\"Sandrine\"},\"url\":\"http:\/\/www.appeloffreduparticulier.com\/blog\/author\/sandrine\/\"}]}<\/script>\n<!-- \/ Yoast SEO plugin. -->","yoast_head_json":{"title":"L'auto-entrepreneur peut-il choisir un nom commercial ? - Appel offre particulier - site pour trouver une annonce de devis ou un appel d&#039;offre","description":"Quels sont les diff\u00e9rences entre une marque et un nom commercial et une micro entreprise peut-elle en b\u00e9n\u00e9ficier ? On vous dit tout.","robots":{"index":"index","follow":"follow","max-snippet":"max-snippet:-1","max-image-preview":"max-image-preview:large","max-video-preview":"max-video-preview:-1"},"canonical":"http:\/\/www.appeloffreduparticulier.com\/blog\/l-auto-entrepreneur-peut-il-choisir-un-nom-commercial\/","og_locale":"fr_FR","og_type":"article","og_title":"L'auto-entrepreneur peut-il choisir un nom commercial ? - Appel offre particulier - site pour trouver une annonce de devis ou un appel d&#039;offre","og_description":"Quels sont les diff\u00e9rences entre une marque et un nom commercial et une micro entreprise peut-elle en b\u00e9n\u00e9ficier ? On vous dit tout.","og_url":"http:\/\/www.appeloffreduparticulier.com\/blog\/l-auto-entrepreneur-peut-il-choisir-un-nom-commercial\/","og_site_name":"Appel offre particulier - site pour trouver une annonce de devis ou un appel d&#039;offre","article_published_time":"2022-01-28T12:00:00+00:00","article_modified_time":"2022-01-28T06:45:32+00:00","og_image":[{"width":1280,"height":851,"url":"http:\/\/www.appeloffreduparticulier.com\/blog\/wp-content\/uploads\/2022\/01\/business-card-g6f8af03ae_1280.png","path":"\/var\/www\/appeloffreduparticulier.com\/www\/blog\/wp-content\/uploads\/2022\/01\/business-card-g6f8af03ae_1280.png","size":"full","id":381,"alt":"","pixels":1089280,"type":"image\/png"}],"twitter_card":"summary","twitter_misc":{"\u00c9crit par":"Sandrine","Dur\u00e9e de lecture est.":"2 minutes"},"schema":{"@context":"https:\/\/schema.org","@graph":[{"@type":"WebSite","@id":"http:\/\/www.appeloffreduparticulier.com\/blog\/#website","url":"http:\/\/www.appeloffreduparticulier.com\/blog\/","name":"Appel offre particulier - site pour trouver une annonce de devis ou un appel d&#039;offre","description":"Articles pour ne pas se tromper dans votre annonce de particulier et aussi dans vos appels d&#039;offre (travaux ou autres)","potentialAction":[{"@type":"SearchAction","target":{"@type":"EntryPoint","urlTemplate":"http:\/\/www.appeloffreduparticulier.com\/blog\/?s={search_term_string}"},"query-input":"required name=search_term_string"}],"inLanguage":"fr-FR"},{"@type":"ImageObject","@id":"http:\/\/www.appeloffreduparticulier.com\/blog\/l-auto-entrepreneur-peut-il-choisir-un-nom-commercial\/#primaryimage","inLanguage":"fr-FR","url":"http:\/\/www.appeloffreduparticulier.com\/blog\/wp-content\/uploads\/2022\/01\/business-card-g6f8af03ae_1280.png","contentUrl":"http:\/\/www.appeloffreduparticulier.com\/blog\/wp-content\/uploads\/2022\/01\/business-card-g6f8af03ae_1280.png","width":1280,"height":851},{"@type":"WebPage","@id":"http:\/\/www.appeloffreduparticulier.com\/blog\/l-auto-entrepreneur-peut-il-choisir-un-nom-commercial\/#webpage","url":"http:\/\/www.appeloffreduparticulier.com\/blog\/l-auto-entrepreneur-peut-il-choisir-un-nom-commercial\/","name":"L'auto-entrepreneur peut-il choisir un nom commercial ? - Appel offre particulier - site pour trouver une annonce de devis ou un appel d&#039;offre","isPartOf":{"@id":"http:\/\/www.appeloffreduparticulier.com\/blog\/#website"},"primaryImageOfPage":{"@id":"http:\/\/www.appeloffreduparticulier.com\/blog\/l-auto-entrepreneur-peut-il-choisir-un-nom-commercial\/#primaryimage"},"datePublished":"2022-01-28T12:00:00+00:00","dateModified":"2022-01-28T06:45:32+00:00","author":{"@id":"http:\/\/www.appeloffreduparticulier.com\/blog\/#\/schema\/person\/9221836eb9e7614689c6b49fb2faf0f6"},"description":"Quels sont les diff\u00e9rences entre une marque et un nom commercial et une micro entreprise peut-elle en b\u00e9n\u00e9ficier ? On vous dit tout.","breadcrumb":{"@id":"http:\/\/www.appeloffreduparticulier.com\/blog\/l-auto-entrepreneur-peut-il-choisir-un-nom-commercial\/#breadcrumb"},"inLanguage":"fr-FR","potentialAction":[{"@type":"ReadAction","target":["http:\/\/www.appeloffreduparticulier.com\/blog\/l-auto-entrepreneur-peut-il-choisir-un-nom-commercial\/"]}]},{"@type":"BreadcrumbList","@id":"http:\/\/www.appeloffreduparticulier.com\/blog\/l-auto-entrepreneur-peut-il-choisir-un-nom-commercial\/#breadcrumb","itemListElement":[{"@type":"ListItem","position":1,"name":"Accueil","item":"http:\/\/www.appeloffreduparticulier.com\/blog\/"},{"@type":"ListItem","position":2,"name":"L&rsquo;auto-entrepreneur peut-il choisir un nom commercial ?"}]},{"@type":"Person","@id":"http:\/\/www.appeloffreduparticulier.com\/blog\/#\/schema\/person\/9221836eb9e7614689c6b49fb2faf0f6","name":"Sandrine","image":{"@type":"ImageObject","@id":"http:\/\/www.appeloffreduparticulier.com\/blog\/#personlogo","inLanguage":"fr-FR","url":"http:\/\/0.gravatar.com\/avatar\/3e70ef1e4a58c2818016331a195ea567?s=96&d=mm&r=g","contentUrl":"http:\/\/0.gravatar.com\/avatar\/3e70ef1e4a58c2818016331a195ea567?s=96&d=mm&r=g","caption":"Sandrine"},"url":"http:\/\/www.appeloffreduparticulier.com\/blog\/author\/sandrine\/"}]}},"_links":{"self":[{"href":"http:\/\/www.appeloffreduparticulier.com\/blog\/wp-json\/wp\/v2\/posts\/380"}],"collection":[{"href":"http:\/\/www.appeloffreduparticulier.com\/blog\/wp-json\/wp\/v2\/posts"}],"about":[{"href":"http:\/\/www.appeloffreduparticulier.com\/blog\/wp-json\/wp\/v2\/types\/post"}],"author":[{"embeddable":true,"href":"http:\/\/www.appeloffreduparticulier.com\/blog\/wp-json\/wp\/v2\/users\/2"}],"replies":[{"embeddable":true,"href":"http:\/\/www.appeloffreduparticulier.com\/blog\/wp-json\/wp\/v2\/comments?post=380"}],"version-history":[{"count":1,"href":"http:\/\/www.appeloffreduparticulier.com\/blog\/wp-json\/wp\/v2\/posts\/380\/revisions"}],"predecessor-version":[{"id":382,"href":"http:\/\/www.appeloffreduparticulier.com\/blog\/wp-json\/wp\/v2\/posts\/380\/revisions\/382"}],"wp:featuredmedia":[{"embeddable":true,"href":"http:\/\/www.appeloffreduparticulier.com\/blog\/wp-json\/wp\/v2\/media\/381"}],"wp:attachment":[{"href":"http:\/\/www.appeloffreduparticulier.com\/blog\/wp-json\/wp\/v2\/media?parent=380"}],"wp:term":[{"taxonomy":"category","embeddable":true,"href":"http:\/\/www.appeloffreduparticulier.com\/blog\/wp-json\/wp\/v2\/categories?post=380"},{"taxonomy":"post_tag","embeddable":true,"href":"http:\/\/www.appeloffreduparticulier.com\/blog\/wp-json\/wp\/v2\/tags?post=380"}],"curies":[{"name":"wp","href":"https:\/\/api.w.org\/{rel}","templated":true}]}}