{"id":388,"date":"2022-02-11T13:00:00","date_gmt":"2022-02-11T12:00:00","guid":{"rendered":"http:\/\/www.appeloffreduparticulier.com\/blog\/?p=388"},"modified":"2022-02-10T07:39:25","modified_gmt":"2022-02-10T06:39:25","slug":"tout-savoir-sur-les-nouvelles-aides-destinees-aux-independants","status":"publish","type":"post","link":"http:\/\/www.appeloffreduparticulier.com\/blog\/tout-savoir-sur-les-nouvelles-aides-destinees-aux-independants\/","title":{"rendered":"Tout savoir sur les nouvelles aides destin\u00e9es aux ind\u00e9pendants impact\u00e9s par le covid-19"},"content":{"rendered":"\n<p>La crise dont a \u00e9t\u00e9 la source le coronavirus, apparu au d\u00e9but de l\u2019ann\u00e9e 2020 ne s\u2019est pas limit\u00e9e \u00e0 toucher la sant\u00e9 des \u00eatres humains. Elle n\u2019a pas non plus laiss\u00e9 les entreprises indemnes. Quel que soit le secteur d\u2019activit\u00e9, l\u2019impact de cette crise se fait toujours ressentir en d\u00e9but 2022. La bonne nouvelle, c\u2019est que les syndicats d\u2019ind\u00e9pendants se sont mobilis\u00e9s pour que soient mis en place des dispositifs d\u2019aides. Ces derniers s\u2019adressent aux ind\u00e9pendants et aux <strong><a href=\"https:\/\/www.appeloffreduparticulier.com\/\">micro-entrepreneurs<\/a><\/strong> qui ont \u00e9t\u00e9 affect\u00e9s par les restrictions sanitaires. Focus.<\/p>\n\n\n\n<h2>D\u00e9cryptage des aides financi\u00e8res li\u00e9es au Covid<\/h2>\n\n\n\n<p>La semaine du 24 janvier 2022, le ministre charg\u00e9 des PME, Jean-Baptiste Lemoyne, a annonc\u00e9 la mise en place de nouvelles\u00a0<strong>aides financi\u00e8res<\/strong>. Ces dispositifs ne s\u2019adressent pourtant pas \u00e0 tout le monde. Pour pouvoir en b\u00e9n\u00e9ficier, vous devez r\u00e9pondre \u00e0 certains crit\u00e8res. D\u2019un c\u00f4t\u00e9, sachez que vous ne pourrez pas disposer de ces aides si vous n\u2019\u00eates pas un travailleur\u00a0<strong>ind\u00e9pendant<\/strong>, un\u00a0<strong><a href=\"https:\/\/www.appeloffreduparticulier.com\/inscription.php\">artisan<\/a><\/strong>\u00a0ou un\u00a0<strong>micro entrepreneur<\/strong>. D\u2019un autre c\u00f4t\u00e9, il est imp\u00e9ratif que vous apparteniez \u00e0 un des secteurs qui ont \u00e9t\u00e9 touch\u00e9s par la vague omicron. Ces secteurs sont notamment le S1 et le S1 bis. En ce qui concerne les aides, elles prennent deux formes\u00a0: une r\u00e9duction des cotisations sociales et une aide financi\u00e8re exceptionnelle. Si la seconde option est une somme d\u2019argent offerte aux ind\u00e9pendants, la premi\u00e8re est une sorte de r\u00e9activation du dispositif de remise des cotisations sociales.<\/p>\n\n\n\n<h2>R\u00e9duction de cotisations sociales<\/h2>\n\n\n\n<p>Les\u00a0<strong>exon\u00e9rations cotisations sociales<\/strong>\u00a0sont attribu\u00e9es \u00e0 tous les micro-entrepreneurs appartenant aux secteurs S1 et S1 bis. \u00c0 noter que ces exon\u00e9rations datent des premi\u00e8res vagues de Covid. Cette nouvelle forme d\u2019aide va ainsi se baser sur les diff\u00e9rentes pertes que vous avez enregistr\u00e9es entre le mois de d\u00e9cembre et le mois de janvier. Et pour pouvoir en b\u00e9n\u00e9ficier, il faut prouver que votre chiffre d\u2019affaires a subi une perte de 30 % au moins. Notez que tous les auto-entrepreneurs et artisans ayant subi une perte allant de 30 \u00e0 65% pourront avoir droit \u00e0 une exon\u00e9ration de 50% environ. <\/p>\n\n\n\n<p>En ce qui concerne les <strong><a href=\"https:\/\/www.appeloffreduparticulier.com\/blog\/comment-creer-sa-page-facebook-quand-on-est-auto-entrepreneur\/\">micro-entrepreneurs<\/a><\/strong>, l\u2019\u00e9ligibilit\u00e9 est diff\u00e9rente. Il est imp\u00e9ratif d\u2019appliquer cette r\u00e9duction de cotisations sociales en diminuant l\u2019assiette qui sert de base de calcul aux cotisations sur le mois donn\u00e9. Il est aussi possible, \u00e0 d\u00e9faut, de r\u00e9percuter le montant de la baisse d\u2019assiette. Ceci se fera par rapport \u00e0 l\u2019\u00e9ch\u00e9ance du premier trimestre de cette nouvelle ann\u00e9e qui est la plus proche.<\/p>\n<div style=\"display: none;\"\n    class=\"kk-star-ratings kksr-valign-bottom kksr-align-left kksr-disabled\"\n    data-id=\"388\"\n    data-slug=\"\">\n    <div class=\"kksr-stars\">\n    <div class=\"kksr-stars-inactive\">\n            <div class=\"kksr-star\" data-star=\"1\">\n            <div class=\"kksr-icon\" style=\"width: px; height: px;\"><\/div>\n        <\/div>\n            <div class=\"kksr-star\" data-star=\"2\">\n            <div class=\"kksr-icon\" style=\"width: px; height: px;\"><\/div>\n        <\/div>\n            <div class=\"kksr-star\" data-star=\"3\">\n            <div class=\"kksr-icon\" style=\"width: px; height: px;\"><\/div>\n        <\/div>\n            <div class=\"kksr-star\" data-star=\"4\">\n            <div class=\"kksr-icon\" style=\"width: px; height: px;\"><\/div>\n        <\/div>\n            <div class=\"kksr-star\" data-star=\"5\">\n            <div class=\"kksr-icon\" style=\"width: px; height: px;\"><\/div>\n        <\/div>\n    <\/div>\n    <div class=\"kksr-stars-active\" style=\"width: 0px;\">\n            <div class=\"kksr-star\">\n            <div class=\"kksr-icon\" style=\"width: px; height: px;\"><\/div>\n        <\/div>\n            <div class=\"kksr-star\">\n            <div class=\"kksr-icon\" style=\"width: px; height: px;\"><\/div>\n        <\/div>\n            <div class=\"kksr-star\">\n            <div class=\"kksr-icon\" style=\"width: px; height: px;\"><\/div>\n        <\/div>\n            <div class=\"kksr-star\">\n            <div class=\"kksr-icon\" style=\"width: px; height: px;\"><\/div>\n        <\/div>\n            <div class=\"kksr-star\">\n            <div class=\"kksr-icon\" style=\"width: px; height: px;\"><\/div>\n        <\/div>\n    <\/div>\n<\/div>\n    <div class=\"kksr-legend\">\n            <span class=\"kksr-muted\"><\/span>\n    <\/div>\n<\/div>\n","protected":false},"excerpt":{"rendered":"<p>La crise dont a \u00e9t\u00e9 la source le coronavirus, apparu au d\u00e9but de l\u2019ann\u00e9e 2020 ne s\u2019est pas limit\u00e9e \u00e0 toucher la sant\u00e9 des \u00eatres humains. Elle n\u2019a pas non plus laiss\u00e9 les entreprises indemnes. Quel que soit le secteur d\u2019activit\u00e9, l\u2019impact de cette crise se fait toujours ressentir en d\u00e9but 2022. La bonne nouvelle, &hellip; <a href=\"http:\/\/www.appeloffreduparticulier.com\/blog\/tout-savoir-sur-les-nouvelles-aides-destinees-aux-independants\/\" class=\"more-link\">Continuer la lecture<span class=\"screen-reader-text\"> de &laquo;&nbsp;Tout savoir sur les nouvelles aides destin\u00e9es aux ind\u00e9pendants impact\u00e9s par le covid-19&nbsp;&raquo;<\/span><\/a><\/p>\n","protected":false},"author":2,"featured_media":389,"comment_status":"closed","ping_status":"closed","sticky":false,"template":"","format":"standard","meta":[],"categories":[13,12],"tags":[],"yoast_head":"<!-- This site is optimized with the Yoast SEO plugin v17.1 - https:\/\/yoast.com\/wordpress\/plugins\/seo\/ -->\n<title>Tout savoir sur les nouvelles aides destin\u00e9es aux ind\u00e9pendants.<\/title>\n<meta name=\"description\" content=\"Jean-Baptiste Lemoyne vient d\u2019officialiser la mise en place de deux dispositifs d\u2019aides pour les ind\u00e9pendants impact\u00e9s par la crise.\" \/>\n<meta name=\"robots\" content=\"index, follow, max-snippet:-1, max-image-preview:large, max-video-preview:-1\" \/>\n<link rel=\"canonical\" href=\"https:\/\/www.appeloffreduparticulier.com\/blog\/tout-savoir-sur-les-nouvelles-aides-destinees-aux-independants\/\" \/>\n<meta property=\"og:locale\" content=\"fr_FR\" \/>\n<meta property=\"og:type\" content=\"article\" \/>\n<meta property=\"og:title\" content=\"Tout savoir sur les nouvelles aides destin\u00e9es aux ind\u00e9pendants.\" \/>\n<meta property=\"og:description\" content=\"Jean-Baptiste Lemoyne vient d\u2019officialiser la mise en place de deux dispositifs d\u2019aides pour les ind\u00e9pendants impact\u00e9s par la crise.\" \/>\n<meta property=\"og:url\" content=\"https:\/\/www.appeloffreduparticulier.com\/blog\/tout-savoir-sur-les-nouvelles-aides-destinees-aux-independants\/\" \/>\n<meta property=\"og:site_name\" content=\"Appel offre particulier - site pour trouver une annonce de devis ou un appel d&#039;offre\" \/>\n<meta property=\"article:published_time\" content=\"2022-02-11T12:00:00+00:00\" \/>\n<meta property=\"article:modified_time\" content=\"2022-02-10T06:39:25+00:00\" \/>\n<meta property=\"og:image\" content=\"https:\/\/www.appeloffreduparticulier.com\/blog\/wp-content\/uploads\/2022\/02\/savings-g458e48358_1280.jpg\" \/>\n\t<meta property=\"og:image:width\" content=\"1280\" \/>\n\t<meta property=\"og:image:height\" content=\"853\" \/>\n<meta name=\"twitter:card\" content=\"summary\" \/>\n<meta name=\"twitter:label1\" content=\"\u00c9crit par\" \/>\n\t<meta name=\"twitter:data1\" content=\"Sandrine\" \/>\n\t<meta name=\"twitter:label2\" content=\"Dur\u00e9e de lecture est.\" \/>\n\t<meta name=\"twitter:data2\" content=\"2 minutes\" \/>\n<script type=\"application\/ld+json\" class=\"yoast-schema-graph\">{\"@context\":\"https:\/\/schema.org\",\"@graph\":[{\"@type\":\"WebSite\",\"@id\":\"http:\/\/www.appeloffreduparticulier.com\/blog\/#website\",\"url\":\"http:\/\/www.appeloffreduparticulier.com\/blog\/\",\"name\":\"Appel offre particulier - site pour trouver une annonce de devis ou un appel d&#039;offre\",\"description\":\"Articles pour ne pas se tromper dans votre annonce de particulier et aussi dans vos appels d&#039;offre (travaux ou autres)\",\"potentialAction\":[{\"@type\":\"SearchAction\",\"target\":{\"@type\":\"EntryPoint\",\"urlTemplate\":\"http:\/\/www.appeloffreduparticulier.com\/blog\/?s={search_term_string}\"},\"query-input\":\"required name=search_term_string\"}],\"inLanguage\":\"fr-FR\"},{\"@type\":\"ImageObject\",\"@id\":\"https:\/\/www.appeloffreduparticulier.com\/blog\/tout-savoir-sur-les-nouvelles-aides-destinees-aux-independants\/#primaryimage\",\"inLanguage\":\"fr-FR\",\"url\":\"http:\/\/www.appeloffreduparticulier.com\/blog\/wp-content\/uploads\/2022\/02\/savings-g458e48358_1280.jpg\",\"contentUrl\":\"http:\/\/www.appeloffreduparticulier.com\/blog\/wp-content\/uploads\/2022\/02\/savings-g458e48358_1280.jpg\",\"width\":1280,\"height\":853},{\"@type\":\"WebPage\",\"@id\":\"https:\/\/www.appeloffreduparticulier.com\/blog\/tout-savoir-sur-les-nouvelles-aides-destinees-aux-independants\/#webpage\",\"url\":\"https:\/\/www.appeloffreduparticulier.com\/blog\/tout-savoir-sur-les-nouvelles-aides-destinees-aux-independants\/\",\"name\":\"Tout savoir sur les nouvelles aides destin\\u00e9es aux ind\\u00e9pendants.\",\"isPartOf\":{\"@id\":\"http:\/\/www.appeloffreduparticulier.com\/blog\/#website\"},\"primaryImageOfPage\":{\"@id\":\"https:\/\/www.appeloffreduparticulier.com\/blog\/tout-savoir-sur-les-nouvelles-aides-destinees-aux-independants\/#primaryimage\"},\"datePublished\":\"2022-02-11T12:00:00+00:00\",\"dateModified\":\"2022-02-10T06:39:25+00:00\",\"author\":{\"@id\":\"http:\/\/www.appeloffreduparticulier.com\/blog\/#\/schema\/person\/9221836eb9e7614689c6b49fb2faf0f6\"},\"description\":\"Jean-Baptiste Lemoyne vient d\\u2019officialiser la mise en place de deux dispositifs d\\u2019aides pour les ind\\u00e9pendants impact\\u00e9s par la crise.\",\"breadcrumb\":{\"@id\":\"https:\/\/www.appeloffreduparticulier.com\/blog\/tout-savoir-sur-les-nouvelles-aides-destinees-aux-independants\/#breadcrumb\"},\"inLanguage\":\"fr-FR\",\"potentialAction\":[{\"@type\":\"ReadAction\",\"target\":[\"https:\/\/www.appeloffreduparticulier.com\/blog\/tout-savoir-sur-les-nouvelles-aides-destinees-aux-independants\/\"]}]},{\"@type\":\"BreadcrumbList\",\"@id\":\"https:\/\/www.appeloffreduparticulier.com\/blog\/tout-savoir-sur-les-nouvelles-aides-destinees-aux-independants\/#breadcrumb\",\"itemListElement\":[{\"@type\":\"ListItem\",\"position\":1,\"name\":\"Accueil\",\"item\":\"http:\/\/www.appeloffreduparticulier.com\/blog\/\"},{\"@type\":\"ListItem\",\"position\":2,\"name\":\"Tout savoir sur les nouvelles aides destin\\u00e9es aux ind\\u00e9pendants impact\\u00e9s par le covid-19\"}]},{\"@type\":\"Person\",\"@id\":\"http:\/\/www.appeloffreduparticulier.com\/blog\/#\/schema\/person\/9221836eb9e7614689c6b49fb2faf0f6\",\"name\":\"Sandrine\",\"image\":{\"@type\":\"ImageObject\",\"@id\":\"http:\/\/www.appeloffreduparticulier.com\/blog\/#personlogo\",\"inLanguage\":\"fr-FR\",\"url\":\"http:\/\/0.gravatar.com\/avatar\/3e70ef1e4a58c2818016331a195ea567?s=96&d=mm&r=g\",\"contentUrl\":\"http:\/\/0.gravatar.com\/avatar\/3e70ef1e4a58c2818016331a195ea567?s=96&d=mm&r=g\",\"caption\":\"Sandrine\"},\"url\":\"http:\/\/www.appeloffreduparticulier.com\/blog\/author\/sandrine\/\"}]}<\/script>\n<!-- \/ Yoast SEO plugin. -->","yoast_head_json":{"title":"Tout savoir sur les nouvelles aides destin\u00e9es aux ind\u00e9pendants.","description":"Jean-Baptiste Lemoyne vient d\u2019officialiser la mise en place de deux dispositifs d\u2019aides pour les ind\u00e9pendants impact\u00e9s par la crise.","robots":{"index":"index","follow":"follow","max-snippet":"max-snippet:-1","max-image-preview":"max-image-preview:large","max-video-preview":"max-video-preview:-1"},"canonical":"https:\/\/www.appeloffreduparticulier.com\/blog\/tout-savoir-sur-les-nouvelles-aides-destinees-aux-independants\/","og_locale":"fr_FR","og_type":"article","og_title":"Tout savoir sur les nouvelles aides destin\u00e9es aux ind\u00e9pendants.","og_description":"Jean-Baptiste Lemoyne vient d\u2019officialiser la mise en place de deux dispositifs d\u2019aides pour les ind\u00e9pendants impact\u00e9s par la crise.","og_url":"https:\/\/www.appeloffreduparticulier.com\/blog\/tout-savoir-sur-les-nouvelles-aides-destinees-aux-independants\/","og_site_name":"Appel offre particulier - site pour trouver une annonce de devis ou un appel d&#039;offre","article_published_time":"2022-02-11T12:00:00+00:00","article_modified_time":"2022-02-10T06:39:25+00:00","og_image":[{"width":1280,"height":853,"url":"https:\/\/www.appeloffreduparticulier.com\/blog\/wp-content\/uploads\/2022\/02\/savings-g458e48358_1280.jpg","path":"\/var\/www\/appeloffreduparticulier.com\/www\/blog\/wp-content\/uploads\/2022\/02\/savings-g458e48358_1280.jpg","size":"full","id":389,"alt":"","pixels":1091840,"type":"image\/jpeg"}],"twitter_card":"summary","twitter_misc":{"\u00c9crit par":"Sandrine","Dur\u00e9e de lecture est.":"2 minutes"},"schema":{"@context":"https:\/\/schema.org","@graph":[{"@type":"WebSite","@id":"http:\/\/www.appeloffreduparticulier.com\/blog\/#website","url":"http:\/\/www.appeloffreduparticulier.com\/blog\/","name":"Appel offre particulier - site pour trouver une annonce de devis ou un appel d&#039;offre","description":"Articles pour ne pas se tromper dans votre annonce de particulier et aussi dans vos appels d&#039;offre (travaux ou autres)","potentialAction":[{"@type":"SearchAction","target":{"@type":"EntryPoint","urlTemplate":"http:\/\/www.appeloffreduparticulier.com\/blog\/?s={search_term_string}"},"query-input":"required name=search_term_string"}],"inLanguage":"fr-FR"},{"@type":"ImageObject","@id":"https:\/\/www.appeloffreduparticulier.com\/blog\/tout-savoir-sur-les-nouvelles-aides-destinees-aux-independants\/#primaryimage","inLanguage":"fr-FR","url":"http:\/\/www.appeloffreduparticulier.com\/blog\/wp-content\/uploads\/2022\/02\/savings-g458e48358_1280.jpg","contentUrl":"http:\/\/www.appeloffreduparticulier.com\/blog\/wp-content\/uploads\/2022\/02\/savings-g458e48358_1280.jpg","width":1280,"height":853},{"@type":"WebPage","@id":"https:\/\/www.appeloffreduparticulier.com\/blog\/tout-savoir-sur-les-nouvelles-aides-destinees-aux-independants\/#webpage","url":"https:\/\/www.appeloffreduparticulier.com\/blog\/tout-savoir-sur-les-nouvelles-aides-destinees-aux-independants\/","name":"Tout savoir sur les nouvelles aides destin\u00e9es aux ind\u00e9pendants.","isPartOf":{"@id":"http:\/\/www.appeloffreduparticulier.com\/blog\/#website"},"primaryImageOfPage":{"@id":"https:\/\/www.appeloffreduparticulier.com\/blog\/tout-savoir-sur-les-nouvelles-aides-destinees-aux-independants\/#primaryimage"},"datePublished":"2022-02-11T12:00:00+00:00","dateModified":"2022-02-10T06:39:25+00:00","author":{"@id":"http:\/\/www.appeloffreduparticulier.com\/blog\/#\/schema\/person\/9221836eb9e7614689c6b49fb2faf0f6"},"description":"Jean-Baptiste Lemoyne vient d\u2019officialiser la mise en place de deux dispositifs d\u2019aides pour les ind\u00e9pendants impact\u00e9s par la crise.","breadcrumb":{"@id":"https:\/\/www.appeloffreduparticulier.com\/blog\/tout-savoir-sur-les-nouvelles-aides-destinees-aux-independants\/#breadcrumb"},"inLanguage":"fr-FR","potentialAction":[{"@type":"ReadAction","target":["https:\/\/www.appeloffreduparticulier.com\/blog\/tout-savoir-sur-les-nouvelles-aides-destinees-aux-independants\/"]}]},{"@type":"BreadcrumbList","@id":"https:\/\/www.appeloffreduparticulier.com\/blog\/tout-savoir-sur-les-nouvelles-aides-destinees-aux-independants\/#breadcrumb","itemListElement":[{"@type":"ListItem","position":1,"name":"Accueil","item":"http:\/\/www.appeloffreduparticulier.com\/blog\/"},{"@type":"ListItem","position":2,"name":"Tout savoir sur les nouvelles aides destin\u00e9es aux ind\u00e9pendants impact\u00e9s par le covid-19"}]},{"@type":"Person","@id":"http:\/\/www.appeloffreduparticulier.com\/blog\/#\/schema\/person\/9221836eb9e7614689c6b49fb2faf0f6","name":"Sandrine","image":{"@type":"ImageObject","@id":"http:\/\/www.appeloffreduparticulier.com\/blog\/#personlogo","inLanguage":"fr-FR","url":"http:\/\/0.gravatar.com\/avatar\/3e70ef1e4a58c2818016331a195ea567?s=96&d=mm&r=g","contentUrl":"http:\/\/0.gravatar.com\/avatar\/3e70ef1e4a58c2818016331a195ea567?s=96&d=mm&r=g","caption":"Sandrine"},"url":"http:\/\/www.appeloffreduparticulier.com\/blog\/author\/sandrine\/"}]}},"_links":{"self":[{"href":"http:\/\/www.appeloffreduparticulier.com\/blog\/wp-json\/wp\/v2\/posts\/388"}],"collection":[{"href":"http:\/\/www.appeloffreduparticulier.com\/blog\/wp-json\/wp\/v2\/posts"}],"about":[{"href":"http:\/\/www.appeloffreduparticulier.com\/blog\/wp-json\/wp\/v2\/types\/post"}],"author":[{"embeddable":true,"href":"http:\/\/www.appeloffreduparticulier.com\/blog\/wp-json\/wp\/v2\/users\/2"}],"replies":[{"embeddable":true,"href":"http:\/\/www.appeloffreduparticulier.com\/blog\/wp-json\/wp\/v2\/comments?post=388"}],"version-history":[{"count":1,"href":"http:\/\/www.appeloffreduparticulier.com\/blog\/wp-json\/wp\/v2\/posts\/388\/revisions"}],"predecessor-version":[{"id":390,"href":"http:\/\/www.appeloffreduparticulier.com\/blog\/wp-json\/wp\/v2\/posts\/388\/revisions\/390"}],"wp:featuredmedia":[{"embeddable":true,"href":"http:\/\/www.appeloffreduparticulier.com\/blog\/wp-json\/wp\/v2\/media\/389"}],"wp:attachment":[{"href":"http:\/\/www.appeloffreduparticulier.com\/blog\/wp-json\/wp\/v2\/media?parent=388"}],"wp:term":[{"taxonomy":"category","embeddable":true,"href":"http:\/\/www.appeloffreduparticulier.com\/blog\/wp-json\/wp\/v2\/categories?post=388"},{"taxonomy":"post_tag","embeddable":true,"href":"http:\/\/www.appeloffreduparticulier.com\/blog\/wp-json\/wp\/v2\/tags?post=388"}],"curies":[{"name":"wp","href":"https:\/\/api.w.org\/{rel}","templated":true}]}}