{"id":394,"date":"2022-02-24T13:00:00","date_gmt":"2022-02-24T12:00:00","guid":{"rendered":"http:\/\/www.appeloffreduparticulier.com\/blog\/?p=394"},"modified":"2022-02-23T13:29:19","modified_gmt":"2022-02-23T12:29:19","slug":"un-nouveau-site-dedie-a-l-information-des-auto-entrepreneurs","status":"publish","type":"post","link":"http:\/\/www.appeloffreduparticulier.com\/blog\/un-nouveau-site-dedie-a-l-information-des-auto-entrepreneurs\/","title":{"rendered":"Un nouveau site d\u00e9di\u00e9 \u00e0 l&rsquo;information des auto-entrepreneurs"},"content":{"rendered":"\n<p>Aujourd\u2019hui, le statut d\u2019<a href=\"https:\/\/www.appeloffreduparticulier.com\/\">auto-entrepreneur<\/a> est consid\u00e9r\u00e9 comme le r\u00e9gime simplifi\u00e9 de l\u2019<strong>entreprise individuelle<\/strong>. N\u00e9anmoins, il n\u2019y a pas si longtemps encore, beaucoup d\u2019entrepreneurs s\u2019exprimaient sur leur difficult\u00e9 \u00e0 recueillir les informations n\u00e9cessaires pour commencer une activit\u00e9. Une nouvelle plateforme nomm\u00e9e <strong>Entreprendre Service Public<\/strong>, en ligne depuis le 14 f\u00e9vrier 2020 sur le site Espace auto-entrepreneur, est d\u00e9sormais disponible afin de vous accompagner dans la cr\u00e9ation et dans la gestion de votre entreprise. Nous allons vous expliquer le but du site et ses points forts.<\/p>\n\n\n\n<h2>Pourquoi utiliser Espace Auto-Entrepreneur&nbsp;?<\/h2>\n\n\n\n<p>La plateforme d\u00e9velopp\u00e9e par le gouvernement a \u00e9t\u00e9 imagin\u00e9e pour vous faciliter la t\u00e2che. Le site a en fait r\u00e9uni toutes les informations anciennement dispers\u00e9es sur plusieurs sites internet. Toutes les choses \u00e0 savoir sur une entreprise sont \u00e0 votre disposition en un simple clip, comme\u00a0: la <a href=\"https:\/\/www.appeloffreduparticulier.com\/inscription.php\" target=\"_blank\" rel=\"noreferrer noopener\">cr\u00e9ation d\u2019une entreprise<\/a>, les statuts disponibles pour celle-ci, comment g\u00e9rer l\u2019entreprise, etc. Ce n\u2019est pas tout, sur le site, vous retrouverez tous les documents administratifs importants.<\/p>\n\n\n\n<p>La plateforme se diff\u00e8re des autres sites internet, car elle centralise les informations ainsi que les outils pour g\u00e9rer son <strong>auto entreprise<\/strong>. Vous pouvez donc directement cr\u00e9er votre entreprise sur le site et m\u00eame ouvrir un compte bancaire pour celle-ci. Une fois lanc\u00e9es, la gestion de vos salari\u00e9s, vos cotisations, votre fiscalit\u00e9, etc. deviennent vraiment simples \u00e0 faire. Retrouvez aussi une rubrique d\u2019information concernant le d\u00e9veloppement de votre entreprise et des solutions propos\u00e9es pour gagner en visibilit\u00e9. Enfin, au besoin, les renseignements sur la cl\u00f4ture temporaire ou d\u00e9finitive de l\u2019entreprise sont aussi disponibles.<\/p>\n\n\n\n<h2>Quels sont les avantages du site&nbsp;?<\/h2>\n\n\n\n<p>En plus d\u2019\u00eatre un v\u00e9ritable centre d\u2019information, le site sugg\u00e8re de vous aider dans vos <strong>d\u00e9marches administratives <\/strong>en vous guidant. Bon \u00e0 savoir, si vous remplissez le formulaire de cr\u00e9ation d\u2019entreprise, vous obtiendrez une r\u00e9ponse s\u00e9rieuse sous 24 h.<br>Gr\u00e2ce \u00e0 un module simple d\u2019utilisation, cr\u00e9er vos<strong> factures<\/strong> et\/ou vos <strong>devis <\/strong>rapidement. Entreprendre Service Public met aussi \u00e0 votre disposition des mod\u00e8les de lettre qui ont pour but de faciliter la <strong>gestion de l\u2019entreprise<\/strong>. Un tableau de bord est aussi consultable afin de suivre les factures impay\u00e9es et de <a href=\"https:\/\/www.appeloffreduparticulier.com\/blog\/comment-relancer-un-client-apres-le-refus-d-un-devis-travaux\/\" target=\"_blank\" rel=\"noreferrer noopener\">relancer vos clients<\/a> au besoin. Retrouvez \u00e9galement la rubrique de d\u00e9claration de chiffre d\u2019affaires et de TVA. Vous pouvez d\u2019ailleurs \u00e0 tout moment d\u00e9clarer de possibles modifications de votre activit\u00e9.<\/p>\n\n\n\n<p>Pour vous aider, des dizaines d\u2019outils de simulation vous seront sugg\u00e9r\u00e9s. En bref, le site est l\u00e0 pour vous simplifier la vie en tant qu\u2019<strong>entrepreneur<\/strong>.<br>Comme l\u2019a twitt\u00e9 Jean-Baptiste Lemoyne, ministre charg\u00e9 des PME, \u00ab\u00a0c\u2019est le site de r\u00e9f\u00e9rence qui accompagne toutes les \u00e9tapes de la vie de votre entreprise\u00a0\u00bb.<\/p>\n<div style=\"display: none;\"\n    class=\"kk-star-ratings kksr-valign-bottom kksr-align-left kksr-disabled\"\n    data-id=\"394\"\n    data-slug=\"\">\n    <div class=\"kksr-stars\">\n    <div class=\"kksr-stars-inactive\">\n            <div class=\"kksr-star\" data-star=\"1\">\n            <div class=\"kksr-icon\" style=\"width: px; height: px;\"><\/div>\n        <\/div>\n            <div class=\"kksr-star\" data-star=\"2\">\n            <div class=\"kksr-icon\" style=\"width: px; height: px;\"><\/div>\n        <\/div>\n            <div class=\"kksr-star\" data-star=\"3\">\n            <div class=\"kksr-icon\" style=\"width: px; height: px;\"><\/div>\n        <\/div>\n            <div class=\"kksr-star\" data-star=\"4\">\n            <div class=\"kksr-icon\" style=\"width: px; height: px;\"><\/div>\n        <\/div>\n            <div class=\"kksr-star\" data-star=\"5\">\n            <div class=\"kksr-icon\" style=\"width: px; height: px;\"><\/div>\n        <\/div>\n    <\/div>\n    <div class=\"kksr-stars-active\" style=\"width: 0px;\">\n            <div class=\"kksr-star\">\n            <div class=\"kksr-icon\" style=\"width: px; height: px;\"><\/div>\n        <\/div>\n            <div class=\"kksr-star\">\n            <div class=\"kksr-icon\" style=\"width: px; height: px;\"><\/div>\n        <\/div>\n            <div class=\"kksr-star\">\n            <div class=\"kksr-icon\" style=\"width: px; height: px;\"><\/div>\n        <\/div>\n            <div class=\"kksr-star\">\n            <div class=\"kksr-icon\" style=\"width: px; height: px;\"><\/div>\n        <\/div>\n            <div class=\"kksr-star\">\n            <div class=\"kksr-icon\" style=\"width: px; height: px;\"><\/div>\n        <\/div>\n    <\/div>\n<\/div>\n    <div class=\"kksr-legend\">\n            <span class=\"kksr-muted\"><\/span>\n    <\/div>\n<\/div>\n","protected":false},"excerpt":{"rendered":"<p>Aujourd\u2019hui, le statut d\u2019auto-entrepreneur est consid\u00e9r\u00e9 comme le r\u00e9gime simplifi\u00e9 de l\u2019entreprise individuelle. N\u00e9anmoins, il n\u2019y a pas si longtemps encore, beaucoup d\u2019entrepreneurs s\u2019exprimaient sur leur difficult\u00e9 \u00e0 recueillir les informations n\u00e9cessaires pour commencer une activit\u00e9. Une nouvelle plateforme nomm\u00e9e Entreprendre Service Public, en ligne depuis le 14 f\u00e9vrier 2020 sur le site Espace auto-entrepreneur, &hellip; <a href=\"http:\/\/www.appeloffreduparticulier.com\/blog\/un-nouveau-site-dedie-a-l-information-des-auto-entrepreneurs\/\" class=\"more-link\">Continuer la lecture<span class=\"screen-reader-text\"> de &laquo;&nbsp;Un nouveau site d\u00e9di\u00e9 \u00e0 l&rsquo;information des auto-entrepreneurs&nbsp;&raquo;<\/span><\/a><\/p>\n","protected":false},"author":2,"featured_media":395,"comment_status":"closed","ping_status":"closed","sticky":false,"template":"","format":"standard","meta":[],"categories":[13,12],"tags":[],"yoast_head":"<!-- This site is optimized with the Yoast SEO plugin v17.1 - https:\/\/yoast.com\/wordpress\/plugins\/seo\/ -->\n<title>Un nouveau site d\u00e9di\u00e9 \u00e0 l&#039;information des auto-entrepreneurs<\/title>\n<meta name=\"description\" content=\"En plus d\u2019\u00eatre un v\u00e9ritable centre d\u2019information, le site propose de vous aider dans vos d\u00e9marches administratives en vous guidant\" \/>\n<meta name=\"robots\" content=\"index, follow, max-snippet:-1, max-image-preview:large, max-video-preview:-1\" \/>\n<link rel=\"canonical\" href=\"http:\/\/www.appeloffreduparticulier.com\/blog\/un-nouveau-site-dedie-a-l-information-des-auto-entrepreneurs\/\" \/>\n<meta property=\"og:locale\" content=\"fr_FR\" \/>\n<meta property=\"og:type\" content=\"article\" \/>\n<meta property=\"og:title\" content=\"Un nouveau site d\u00e9di\u00e9 \u00e0 l&#039;information des auto-entrepreneurs\" \/>\n<meta property=\"og:description\" content=\"En plus d\u2019\u00eatre un v\u00e9ritable centre d\u2019information, le site propose de vous aider dans vos d\u00e9marches administratives en vous guidant\" \/>\n<meta property=\"og:url\" content=\"http:\/\/www.appeloffreduparticulier.com\/blog\/un-nouveau-site-dedie-a-l-information-des-auto-entrepreneurs\/\" \/>\n<meta property=\"og:site_name\" content=\"Appel offre particulier - site pour trouver une annonce de devis ou un appel d&#039;offre\" \/>\n<meta property=\"article:published_time\" content=\"2022-02-24T12:00:00+00:00\" \/>\n<meta property=\"article:modified_time\" content=\"2022-02-23T12:29:19+00:00\" \/>\n<meta property=\"og:image\" content=\"https:\/\/www.appeloffreduparticulier.com\/blog\/wp-content\/uploads\/2022\/02\/network-g40e1fd38d_1280.jpg\" \/>\n\t<meta property=\"og:image:width\" content=\"1280\" \/>\n\t<meta property=\"og:image:height\" content=\"426\" \/>\n<meta name=\"twitter:card\" content=\"summary\" \/>\n<meta name=\"twitter:label1\" content=\"\u00c9crit par\" \/>\n\t<meta name=\"twitter:data1\" content=\"Sandrine\" \/>\n\t<meta name=\"twitter:label2\" content=\"Dur\u00e9e de lecture est.\" \/>\n\t<meta name=\"twitter:data2\" content=\"2 minutes\" \/>\n<script type=\"application\/ld+json\" class=\"yoast-schema-graph\">{\"@context\":\"https:\/\/schema.org\",\"@graph\":[{\"@type\":\"WebSite\",\"@id\":\"http:\/\/www.appeloffreduparticulier.com\/blog\/#website\",\"url\":\"http:\/\/www.appeloffreduparticulier.com\/blog\/\",\"name\":\"Appel offre particulier - site pour trouver une annonce de devis ou un appel d&#039;offre\",\"description\":\"Articles pour ne pas se tromper dans votre annonce de particulier et aussi dans vos appels d&#039;offre (travaux ou autres)\",\"potentialAction\":[{\"@type\":\"SearchAction\",\"target\":{\"@type\":\"EntryPoint\",\"urlTemplate\":\"http:\/\/www.appeloffreduparticulier.com\/blog\/?s={search_term_string}\"},\"query-input\":\"required name=search_term_string\"}],\"inLanguage\":\"fr-FR\"},{\"@type\":\"ImageObject\",\"@id\":\"http:\/\/www.appeloffreduparticulier.com\/blog\/un-nouveau-site-dedie-a-l-information-des-auto-entrepreneurs\/#primaryimage\",\"inLanguage\":\"fr-FR\",\"url\":\"http:\/\/www.appeloffreduparticulier.com\/blog\/wp-content\/uploads\/2022\/02\/network-g40e1fd38d_1280.jpg\",\"contentUrl\":\"http:\/\/www.appeloffreduparticulier.com\/blog\/wp-content\/uploads\/2022\/02\/network-g40e1fd38d_1280.jpg\",\"width\":1280,\"height\":426},{\"@type\":\"WebPage\",\"@id\":\"http:\/\/www.appeloffreduparticulier.com\/blog\/un-nouveau-site-dedie-a-l-information-des-auto-entrepreneurs\/#webpage\",\"url\":\"http:\/\/www.appeloffreduparticulier.com\/blog\/un-nouveau-site-dedie-a-l-information-des-auto-entrepreneurs\/\",\"name\":\"Un nouveau site d\\u00e9di\\u00e9 \\u00e0 l'information des auto-entrepreneurs\",\"isPartOf\":{\"@id\":\"http:\/\/www.appeloffreduparticulier.com\/blog\/#website\"},\"primaryImageOfPage\":{\"@id\":\"http:\/\/www.appeloffreduparticulier.com\/blog\/un-nouveau-site-dedie-a-l-information-des-auto-entrepreneurs\/#primaryimage\"},\"datePublished\":\"2022-02-24T12:00:00+00:00\",\"dateModified\":\"2022-02-23T12:29:19+00:00\",\"author\":{\"@id\":\"http:\/\/www.appeloffreduparticulier.com\/blog\/#\/schema\/person\/9221836eb9e7614689c6b49fb2faf0f6\"},\"description\":\"En plus d\\u2019\\u00eatre un v\\u00e9ritable centre d\\u2019information, le site propose de vous aider dans vos d\\u00e9marches administratives en vous guidant\",\"breadcrumb\":{\"@id\":\"http:\/\/www.appeloffreduparticulier.com\/blog\/un-nouveau-site-dedie-a-l-information-des-auto-entrepreneurs\/#breadcrumb\"},\"inLanguage\":\"fr-FR\",\"potentialAction\":[{\"@type\":\"ReadAction\",\"target\":[\"http:\/\/www.appeloffreduparticulier.com\/blog\/un-nouveau-site-dedie-a-l-information-des-auto-entrepreneurs\/\"]}]},{\"@type\":\"BreadcrumbList\",\"@id\":\"http:\/\/www.appeloffreduparticulier.com\/blog\/un-nouveau-site-dedie-a-l-information-des-auto-entrepreneurs\/#breadcrumb\",\"itemListElement\":[{\"@type\":\"ListItem\",\"position\":1,\"name\":\"Accueil\",\"item\":\"http:\/\/www.appeloffreduparticulier.com\/blog\/\"},{\"@type\":\"ListItem\",\"position\":2,\"name\":\"Un nouveau site d\\u00e9di\\u00e9 \\u00e0 l&rsquo;information des auto-entrepreneurs\"}]},{\"@type\":\"Person\",\"@id\":\"http:\/\/www.appeloffreduparticulier.com\/blog\/#\/schema\/person\/9221836eb9e7614689c6b49fb2faf0f6\",\"name\":\"Sandrine\",\"image\":{\"@type\":\"ImageObject\",\"@id\":\"http:\/\/www.appeloffreduparticulier.com\/blog\/#personlogo\",\"inLanguage\":\"fr-FR\",\"url\":\"http:\/\/0.gravatar.com\/avatar\/3e70ef1e4a58c2818016331a195ea567?s=96&d=mm&r=g\",\"contentUrl\":\"http:\/\/0.gravatar.com\/avatar\/3e70ef1e4a58c2818016331a195ea567?s=96&d=mm&r=g\",\"caption\":\"Sandrine\"},\"url\":\"http:\/\/www.appeloffreduparticulier.com\/blog\/author\/sandrine\/\"}]}<\/script>\n<!-- \/ Yoast SEO plugin. -->","yoast_head_json":{"title":"Un nouveau site d\u00e9di\u00e9 \u00e0 l'information des auto-entrepreneurs","description":"En plus d\u2019\u00eatre un v\u00e9ritable centre d\u2019information, le site propose de vous aider dans vos d\u00e9marches administratives en vous guidant","robots":{"index":"index","follow":"follow","max-snippet":"max-snippet:-1","max-image-preview":"max-image-preview:large","max-video-preview":"max-video-preview:-1"},"canonical":"http:\/\/www.appeloffreduparticulier.com\/blog\/un-nouveau-site-dedie-a-l-information-des-auto-entrepreneurs\/","og_locale":"fr_FR","og_type":"article","og_title":"Un nouveau site d\u00e9di\u00e9 \u00e0 l'information des auto-entrepreneurs","og_description":"En plus d\u2019\u00eatre un v\u00e9ritable centre d\u2019information, le site propose de vous aider dans vos d\u00e9marches administratives en vous guidant","og_url":"http:\/\/www.appeloffreduparticulier.com\/blog\/un-nouveau-site-dedie-a-l-information-des-auto-entrepreneurs\/","og_site_name":"Appel offre particulier - site pour trouver une annonce de devis ou un appel d&#039;offre","article_published_time":"2022-02-24T12:00:00+00:00","article_modified_time":"2022-02-23T12:29:19+00:00","og_image":[{"width":1280,"height":426,"url":"https:\/\/www.appeloffreduparticulier.com\/blog\/wp-content\/uploads\/2022\/02\/network-g40e1fd38d_1280.jpg","path":"\/var\/www\/appeloffreduparticulier.com\/www\/blog\/wp-content\/uploads\/2022\/02\/network-g40e1fd38d_1280.jpg","size":"full","id":395,"alt":"","pixels":545280,"type":"image\/jpeg"}],"twitter_card":"summary","twitter_misc":{"\u00c9crit par":"Sandrine","Dur\u00e9e de lecture est.":"2 minutes"},"schema":{"@context":"https:\/\/schema.org","@graph":[{"@type":"WebSite","@id":"http:\/\/www.appeloffreduparticulier.com\/blog\/#website","url":"http:\/\/www.appeloffreduparticulier.com\/blog\/","name":"Appel offre particulier - site pour trouver une annonce de devis ou un appel d&#039;offre","description":"Articles pour ne pas se tromper dans votre annonce de particulier et aussi dans vos appels d&#039;offre (travaux ou autres)","potentialAction":[{"@type":"SearchAction","target":{"@type":"EntryPoint","urlTemplate":"http:\/\/www.appeloffreduparticulier.com\/blog\/?s={search_term_string}"},"query-input":"required name=search_term_string"}],"inLanguage":"fr-FR"},{"@type":"ImageObject","@id":"http:\/\/www.appeloffreduparticulier.com\/blog\/un-nouveau-site-dedie-a-l-information-des-auto-entrepreneurs\/#primaryimage","inLanguage":"fr-FR","url":"http:\/\/www.appeloffreduparticulier.com\/blog\/wp-content\/uploads\/2022\/02\/network-g40e1fd38d_1280.jpg","contentUrl":"http:\/\/www.appeloffreduparticulier.com\/blog\/wp-content\/uploads\/2022\/02\/network-g40e1fd38d_1280.jpg","width":1280,"height":426},{"@type":"WebPage","@id":"http:\/\/www.appeloffreduparticulier.com\/blog\/un-nouveau-site-dedie-a-l-information-des-auto-entrepreneurs\/#webpage","url":"http:\/\/www.appeloffreduparticulier.com\/blog\/un-nouveau-site-dedie-a-l-information-des-auto-entrepreneurs\/","name":"Un nouveau site d\u00e9di\u00e9 \u00e0 l'information des auto-entrepreneurs","isPartOf":{"@id":"http:\/\/www.appeloffreduparticulier.com\/blog\/#website"},"primaryImageOfPage":{"@id":"http:\/\/www.appeloffreduparticulier.com\/blog\/un-nouveau-site-dedie-a-l-information-des-auto-entrepreneurs\/#primaryimage"},"datePublished":"2022-02-24T12:00:00+00:00","dateModified":"2022-02-23T12:29:19+00:00","author":{"@id":"http:\/\/www.appeloffreduparticulier.com\/blog\/#\/schema\/person\/9221836eb9e7614689c6b49fb2faf0f6"},"description":"En plus d\u2019\u00eatre un v\u00e9ritable centre d\u2019information, le site propose de vous aider dans vos d\u00e9marches administratives en vous guidant","breadcrumb":{"@id":"http:\/\/www.appeloffreduparticulier.com\/blog\/un-nouveau-site-dedie-a-l-information-des-auto-entrepreneurs\/#breadcrumb"},"inLanguage":"fr-FR","potentialAction":[{"@type":"ReadAction","target":["http:\/\/www.appeloffreduparticulier.com\/blog\/un-nouveau-site-dedie-a-l-information-des-auto-entrepreneurs\/"]}]},{"@type":"BreadcrumbList","@id":"http:\/\/www.appeloffreduparticulier.com\/blog\/un-nouveau-site-dedie-a-l-information-des-auto-entrepreneurs\/#breadcrumb","itemListElement":[{"@type":"ListItem","position":1,"name":"Accueil","item":"http:\/\/www.appeloffreduparticulier.com\/blog\/"},{"@type":"ListItem","position":2,"name":"Un nouveau site d\u00e9di\u00e9 \u00e0 l&rsquo;information des auto-entrepreneurs"}]},{"@type":"Person","@id":"http:\/\/www.appeloffreduparticulier.com\/blog\/#\/schema\/person\/9221836eb9e7614689c6b49fb2faf0f6","name":"Sandrine","image":{"@type":"ImageObject","@id":"http:\/\/www.appeloffreduparticulier.com\/blog\/#personlogo","inLanguage":"fr-FR","url":"http:\/\/0.gravatar.com\/avatar\/3e70ef1e4a58c2818016331a195ea567?s=96&d=mm&r=g","contentUrl":"http:\/\/0.gravatar.com\/avatar\/3e70ef1e4a58c2818016331a195ea567?s=96&d=mm&r=g","caption":"Sandrine"},"url":"http:\/\/www.appeloffreduparticulier.com\/blog\/author\/sandrine\/"}]}},"_links":{"self":[{"href":"http:\/\/www.appeloffreduparticulier.com\/blog\/wp-json\/wp\/v2\/posts\/394"}],"collection":[{"href":"http:\/\/www.appeloffreduparticulier.com\/blog\/wp-json\/wp\/v2\/posts"}],"about":[{"href":"http:\/\/www.appeloffreduparticulier.com\/blog\/wp-json\/wp\/v2\/types\/post"}],"author":[{"embeddable":true,"href":"http:\/\/www.appeloffreduparticulier.com\/blog\/wp-json\/wp\/v2\/users\/2"}],"replies":[{"embeddable":true,"href":"http:\/\/www.appeloffreduparticulier.com\/blog\/wp-json\/wp\/v2\/comments?post=394"}],"version-history":[{"count":2,"href":"http:\/\/www.appeloffreduparticulier.com\/blog\/wp-json\/wp\/v2\/posts\/394\/revisions"}],"predecessor-version":[{"id":397,"href":"http:\/\/www.appeloffreduparticulier.com\/blog\/wp-json\/wp\/v2\/posts\/394\/revisions\/397"}],"wp:featuredmedia":[{"embeddable":true,"href":"http:\/\/www.appeloffreduparticulier.com\/blog\/wp-json\/wp\/v2\/media\/395"}],"wp:attachment":[{"href":"http:\/\/www.appeloffreduparticulier.com\/blog\/wp-json\/wp\/v2\/media?parent=394"}],"wp:term":[{"taxonomy":"category","embeddable":true,"href":"http:\/\/www.appeloffreduparticulier.com\/blog\/wp-json\/wp\/v2\/categories?post=394"},{"taxonomy":"post_tag","embeddable":true,"href":"http:\/\/www.appeloffreduparticulier.com\/blog\/wp-json\/wp\/v2\/tags?post=394"}],"curies":[{"name":"wp","href":"https:\/\/api.w.org\/{rel}","templated":true}]}}