{"id":421,"date":"2022-10-06T12:28:00","date_gmt":"2022-10-06T11:28:00","guid":{"rendered":"http:\/\/www.appeloffreduparticulier.com\/blog\/?p=421"},"modified":"2022-10-05T12:32:59","modified_gmt":"2022-10-05T11:32:59","slug":"le-nouveau-regime-pour-les-independants","status":"publish","type":"post","link":"http:\/\/www.appeloffreduparticulier.com\/blog\/le-nouveau-regime-pour-les-independants\/","title":{"rendered":"L\u2019entreprise individuelle (ei), le nouveau r\u00e9gime pour les ind\u00e9pendants"},"content":{"rendered":"\n<p>\u00catre ind\u00e9pendant impose de cr\u00e9er son entreprise. <a href=\"https:\/\/www.appeloffreduparticulier.com\/index.php\">Autoentrepreneur<\/a>, entrepreneur individuel, <strong>entrepreneur individuel<\/strong> \u00e0 responsabilit\u00e9 limit\u00e9e (EIRL)\u2026, le choix \u00e9tait vaste. Depuis le 15 mai 2022, ce n\u2019est plus le cas. Avec la cr\u00e9ation d\u2019un tout <strong>nouveau statut<\/strong>, plus de question sur le statut \u00e0 choisir.<\/p>\n\n\n\n<h2>Un statut mieux adapt\u00e9<\/h2>\n\n\n\n<p>C\u2019est la loi n\u00b0 2022-172 du 14 f\u00e9vrier 2022 qui a ent\u00e9rin\u00e9 ce changement majeur. La mise en vigueur a eu lieu le 15 mai de la m\u00eame ann\u00e9e. Cette loi concerne toutes les personnes souhaitant cr\u00e9er une <strong>entreprise individuelle<\/strong>, quelle qu\u2019elle soit. Ce nouveau statut remplace l\u2019EIRL.<\/p>\n\n\n\n<p>Plusieurs nouveaut\u00e9s ont \u00e9t\u00e9 mises en place. Ainsi, l\u2019entrepreneur n\u2019a que deux choix dans le domaine de la fiscalit\u00e9. Il peut choisir entre une imposition par d\u00e9faut des b\u00e9n\u00e9fices (BNC, BIC ou BA selon l\u2019activit\u00e9) ou soumise \u00e0 un r\u00e9gime r\u00e9el.<\/p>\n\n\n\n<p>Le texte de loi vise aussi \u00e0 simplifier les formalit\u00e9s Ainsi, pour transmettre son entreprise individuelle, l\u2019op\u00e9ration est facilit\u00e9e. La soci\u00e9t\u00e9 peut \u00eatre vendue ou donn\u00e9e sans avoir besoin de liquider le patrimoine professionnel au pr\u00e9alable (article 1er). <strong>L\u2019entrepreneur<\/strong> peut aussi immatriculer son entreprise aupr\u00e8s de la CCI ou de la CMA. Ce choix lui est donn\u00e9 en fonction de son activit\u00e9 (commerciale ou artisanale) et non plus impos\u00e9. Il a \u00e9galement le choix, s\u2019il a une <a href=\"https:\/\/www.appeloffreduparticulier.com\/blog\/comment-lancer-son-activite-d-auto-entrepreneur-en-multi-service\/\">activit\u00e9 lib\u00e9rale<\/a> de choisir une inscription aupr\u00e8s de l\u2019URSSAF. L\u2019immatriculation est \u00e9galement simplifi\u00e9e puisqu\u2019elle peut \u00eatre effectu\u00e9e sur le site des <strong>formalit\u00e9s des entreprises<\/strong>.<\/p>\n\n\n\n<h2>Un nouveau statut pour mieux prot\u00e9ger le patrimoine personnel<\/h2>\n\n\n\n<p>Un des principaux avantages de ce nouveau statut r\u00e9side dans le fait que le patrimoine personnel est mieux prot\u00e9g\u00e9 en cas de probl\u00e8me. Avant, ce patrimoine (en dehors de la r\u00e9sidence principale) pouvait \u00eatre saisi. Aujourd\u2019hui, il est devenu totalement insaisissable. En cas de d\u00e9faillance professionnelle, seuls les \u00e9l\u00e9ments utilis\u00e9s dans le cadre de l\u2019activit\u00e9 peuvent \u00eatre saisis. La loi a publi\u00e9 une liste de ces biens saisissables :<\/p>\n\n\n\n<ul><li>Biens meubles : mat\u00e9riels utilis\u00e9s, outils, v\u00e9hicule,<\/li><li>Biens immeubles : cabinet, commerce, annexe, entrep\u00f4t\u2026<\/li><li>Biens incorporels : brevets, licences, marques, propri\u00e9t\u00e9 intellectuelle\u2026<\/li><li>Fond de caisse laiss\u00e9 au sein du local,<\/li><li>Biens indiqu\u00e9s dans les immobilisations comptables.<\/li><li>Tous les autres biens sont dor\u00e9navant consid\u00e9r\u00e9s comme personnels.<\/li><\/ul>\n\n\n\n<p>Il y a donc une s\u00e9paration automatique du patrimoine (vous n\u2019avez rien \u00e0 faire). L\u2019entrepreneur peut s\u2019il le souhaite renoncer \u00e0 cette diff\u00e9renciation sur simple demande par \u00e9crit. Par contre, le <strong>patrimoine personnel<\/strong> de l\u2019entrepreneur ne pourra pas \u00eatre utilis\u00e9 pour se porter caution en cas de dette de son entreprise. \u00c0 noter \u00e9galement, en cas de fraude av\u00e9r\u00e9e aupr\u00e8s de l\u2019URSSAF ou de <strong>l\u2019administration fiscale<\/strong>, tous les biens peuvent \u00eatre saisis (m\u00eame personnels). Si votre entreprise a \u00e9t\u00e9 cr\u00e9\u00e9e avant le 15 mai 2022, les dettes contract\u00e9es ne seront pas sujettes \u00e0 cette protection sur les biens personnels.<\/p>\n\n\n\n<p>La loi r\u00e9forme \u00e9galement le statut du conjoint collaborateur. Celui-ci pourra conserver ce statut uniquement durant 5 ans durant toute sa carri\u00e8re. Il peut ainsi choisir un statut plus b\u00e9n\u00e9fique (conjoint salari\u00e9 ou associ\u00e9). Il profitera alors de meilleurs droits sociaux. La loi va aussi intervenir dans le cadre de l\u2019extension de l\u2019acc\u00e8s \u00e0 l\u2019allocation ch\u00f4mage souvent peu int\u00e9ressante pour les ind\u00e9pendants. Avec l\u2019<strong>ATI <\/strong>(Allocation des Travailleurs Ind\u00e9pendants). Les conditions sont plus souples et permettent de recevoir une r\u00e9mun\u00e9ration en cas de perte d\u2019activit\u00e9.<\/p>\n\n\n\n<h2>Ce que cela change<\/h2>\n\n\n\n<p>La loi permet de mieux prot\u00e9ger son patrimoine personnel, son conjoint et aussi de recevoir une indemnit\u00e9 en cas de cessation d\u2019activit\u00e9.<\/p>\n\n\n\n<p>Toutefois, l\u2019entreprise est dans l\u2019obligation de faire appara\u00eetre la mention EI (entreprise individuelle) apr\u00e8s sa d\u00e9nomination. La mention devra donc apparaitre apr\u00e8s le nom de l\u2019entreprise sur les factures et devis, sur les d\u00e9clarations fiscales, sur les documents comptables, les documents publicitaires et le compte en banque. Cela concerne tous les <a href=\"https:\/\/www.appeloffreduparticulier.com\/ajouter-entreprise-appeloffre.php\">entrepreneurs individuels<\/a> qu\u2019ils soient <strong>micro-entrepreneurs<\/strong> ou assujettis au r\u00e9gime r\u00e9el.<\/p>\n<div style=\"display: none;\"\n    class=\"kk-star-ratings kksr-valign-bottom kksr-align-left kksr-disabled\"\n    data-id=\"421\"\n    data-slug=\"\">\n    <div class=\"kksr-stars\">\n    <div class=\"kksr-stars-inactive\">\n            <div class=\"kksr-star\" data-star=\"1\">\n            <div class=\"kksr-icon\" style=\"width: px; height: px;\"><\/div>\n        <\/div>\n            <div class=\"kksr-star\" data-star=\"2\">\n            <div class=\"kksr-icon\" style=\"width: px; height: px;\"><\/div>\n        <\/div>\n            <div class=\"kksr-star\" data-star=\"3\">\n            <div class=\"kksr-icon\" style=\"width: px; height: px;\"><\/div>\n        <\/div>\n            <div class=\"kksr-star\" data-star=\"4\">\n            <div class=\"kksr-icon\" style=\"width: px; height: px;\"><\/div>\n        <\/div>\n            <div class=\"kksr-star\" data-star=\"5\">\n            <div class=\"kksr-icon\" style=\"width: px; height: px;\"><\/div>\n        <\/div>\n    <\/div>\n    <div class=\"kksr-stars-active\" style=\"width: 0px;\">\n            <div class=\"kksr-star\">\n            <div class=\"kksr-icon\" style=\"width: px; height: px;\"><\/div>\n        <\/div>\n            <div class=\"kksr-star\">\n            <div class=\"kksr-icon\" style=\"width: px; height: px;\"><\/div>\n        <\/div>\n            <div class=\"kksr-star\">\n            <div class=\"kksr-icon\" style=\"width: px; height: px;\"><\/div>\n        <\/div>\n            <div class=\"kksr-star\">\n            <div class=\"kksr-icon\" style=\"width: px; height: px;\"><\/div>\n        <\/div>\n            <div class=\"kksr-star\">\n            <div class=\"kksr-icon\" style=\"width: px; height: px;\"><\/div>\n        <\/div>\n    <\/div>\n<\/div>\n    <div class=\"kksr-legend\">\n            <span class=\"kksr-muted\"><\/span>\n    <\/div>\n<\/div>\n","protected":false},"excerpt":{"rendered":"<p>\u00catre ind\u00e9pendant impose de cr\u00e9er son entreprise. Autoentrepreneur, entrepreneur individuel, entrepreneur individuel \u00e0 responsabilit\u00e9 limit\u00e9e (EIRL)\u2026, le choix \u00e9tait vaste. Depuis le 15 mai 2022, ce n\u2019est plus le cas. Avec la cr\u00e9ation d\u2019un tout nouveau statut, plus de question sur le statut \u00e0 choisir. Un statut mieux adapt\u00e9 C\u2019est la loi n\u00b0 2022-172 du &hellip; <a href=\"http:\/\/www.appeloffreduparticulier.com\/blog\/le-nouveau-regime-pour-les-independants\/\" class=\"more-link\">Continuer la lecture<span class=\"screen-reader-text\"> de &laquo;&nbsp;L\u2019entreprise individuelle (ei), le nouveau r\u00e9gime pour les ind\u00e9pendants&nbsp;&raquo;<\/span><\/a><\/p>\n","protected":false},"author":2,"featured_media":422,"comment_status":"closed","ping_status":"closed","sticky":false,"template":"","format":"standard","meta":[],"categories":[13,12],"tags":[],"yoast_head":"<!-- This site is optimized with the Yoast SEO plugin v17.1 - https:\/\/yoast.com\/wordpress\/plugins\/seo\/ -->\n<title>L\u2019entreprise individuelle (ei), le nouveau r\u00e9gime pour les ind\u00e9pendants - Appel offre particulier - site pour trouver une annonce de devis ou un appel d&#039;offre<\/title>\n<meta name=\"description\" content=\"Le 15 mai 2022 est entr\u00e9 en vigueur un nouveau r\u00e9gime pour les entreprises individuelles\" \/>\n<meta name=\"robots\" content=\"index, follow, max-snippet:-1, max-image-preview:large, max-video-preview:-1\" \/>\n<link rel=\"canonical\" href=\"http:\/\/www.appeloffreduparticulier.com\/blog\/le-nouveau-regime-pour-les-independants\/\" \/>\n<meta property=\"og:locale\" content=\"fr_FR\" \/>\n<meta property=\"og:type\" content=\"article\" \/>\n<meta property=\"og:title\" content=\"L\u2019entreprise individuelle (ei), le nouveau r\u00e9gime pour les ind\u00e9pendants - Appel offre particulier - site pour trouver une annonce de devis ou un appel d&#039;offre\" \/>\n<meta property=\"og:description\" content=\"Le 15 mai 2022 est entr\u00e9 en vigueur un nouveau r\u00e9gime pour les entreprises individuelles\" \/>\n<meta property=\"og:url\" content=\"http:\/\/www.appeloffreduparticulier.com\/blog\/le-nouveau-regime-pour-les-independants\/\" \/>\n<meta property=\"og:site_name\" content=\"Appel offre particulier - site pour trouver une annonce de devis ou un appel d&#039;offre\" \/>\n<meta property=\"article:published_time\" content=\"2022-10-06T11:28:00+00:00\" \/>\n<meta property=\"article:modified_time\" content=\"2022-10-05T11:32:59+00:00\" \/>\n<meta property=\"og:image\" content=\"http:\/\/www.appeloffreduparticulier.com\/blog\/wp-content\/uploads\/2022\/10\/marketing-gada01b816_1280.jpg\" \/>\n\t<meta property=\"og:image:width\" content=\"1280\" \/>\n\t<meta property=\"og:image:height\" content=\"843\" \/>\n<meta name=\"twitter:card\" content=\"summary\" \/>\n<meta name=\"twitter:label1\" content=\"\u00c9crit par\" \/>\n\t<meta name=\"twitter:data1\" content=\"Sandrine\" \/>\n\t<meta name=\"twitter:label2\" content=\"Dur\u00e9e de lecture est.\" \/>\n\t<meta name=\"twitter:data2\" content=\"3 minutes\" \/>\n<script type=\"application\/ld+json\" class=\"yoast-schema-graph\">{\"@context\":\"https:\/\/schema.org\",\"@graph\":[{\"@type\":\"WebSite\",\"@id\":\"http:\/\/www.appeloffreduparticulier.com\/blog\/#website\",\"url\":\"http:\/\/www.appeloffreduparticulier.com\/blog\/\",\"name\":\"Appel offre particulier - site pour trouver une annonce de devis ou un appel d&#039;offre\",\"description\":\"Articles pour ne pas se tromper dans votre annonce de particulier et aussi dans vos appels d&#039;offre (travaux ou autres)\",\"potentialAction\":[{\"@type\":\"SearchAction\",\"target\":{\"@type\":\"EntryPoint\",\"urlTemplate\":\"http:\/\/www.appeloffreduparticulier.com\/blog\/?s={search_term_string}\"},\"query-input\":\"required name=search_term_string\"}],\"inLanguage\":\"fr-FR\"},{\"@type\":\"ImageObject\",\"@id\":\"http:\/\/www.appeloffreduparticulier.com\/blog\/le-nouveau-regime-pour-les-independants\/#primaryimage\",\"inLanguage\":\"fr-FR\",\"url\":\"http:\/\/www.appeloffreduparticulier.com\/blog\/wp-content\/uploads\/2022\/10\/marketing-gada01b816_1280.jpg\",\"contentUrl\":\"http:\/\/www.appeloffreduparticulier.com\/blog\/wp-content\/uploads\/2022\/10\/marketing-gada01b816_1280.jpg\",\"width\":1280,\"height\":843,\"caption\":\"Nouveau r\\u00e9gime des ind\\u00e9pendants\"},{\"@type\":\"WebPage\",\"@id\":\"http:\/\/www.appeloffreduparticulier.com\/blog\/le-nouveau-regime-pour-les-independants\/#webpage\",\"url\":\"http:\/\/www.appeloffreduparticulier.com\/blog\/le-nouveau-regime-pour-les-independants\/\",\"name\":\"L\\u2019entreprise individuelle (ei), le nouveau r\\u00e9gime pour les ind\\u00e9pendants - Appel offre particulier - site pour trouver une annonce de devis ou un appel d&#039;offre\",\"isPartOf\":{\"@id\":\"http:\/\/www.appeloffreduparticulier.com\/blog\/#website\"},\"primaryImageOfPage\":{\"@id\":\"http:\/\/www.appeloffreduparticulier.com\/blog\/le-nouveau-regime-pour-les-independants\/#primaryimage\"},\"datePublished\":\"2022-10-06T11:28:00+00:00\",\"dateModified\":\"2022-10-05T11:32:59+00:00\",\"author\":{\"@id\":\"http:\/\/www.appeloffreduparticulier.com\/blog\/#\/schema\/person\/9221836eb9e7614689c6b49fb2faf0f6\"},\"description\":\"Le 15 mai 2022 est entr\\u00e9 en vigueur un nouveau r\\u00e9gime pour les entreprises individuelles\",\"breadcrumb\":{\"@id\":\"http:\/\/www.appeloffreduparticulier.com\/blog\/le-nouveau-regime-pour-les-independants\/#breadcrumb\"},\"inLanguage\":\"fr-FR\",\"potentialAction\":[{\"@type\":\"ReadAction\",\"target\":[\"http:\/\/www.appeloffreduparticulier.com\/blog\/le-nouveau-regime-pour-les-independants\/\"]}]},{\"@type\":\"BreadcrumbList\",\"@id\":\"http:\/\/www.appeloffreduparticulier.com\/blog\/le-nouveau-regime-pour-les-independants\/#breadcrumb\",\"itemListElement\":[{\"@type\":\"ListItem\",\"position\":1,\"name\":\"Accueil\",\"item\":\"http:\/\/www.appeloffreduparticulier.com\/blog\/\"},{\"@type\":\"ListItem\",\"position\":2,\"name\":\"L\\u2019entreprise individuelle (ei), le nouveau r\\u00e9gime pour les ind\\u00e9pendants\"}]},{\"@type\":\"Person\",\"@id\":\"http:\/\/www.appeloffreduparticulier.com\/blog\/#\/schema\/person\/9221836eb9e7614689c6b49fb2faf0f6\",\"name\":\"Sandrine\",\"image\":{\"@type\":\"ImageObject\",\"@id\":\"http:\/\/www.appeloffreduparticulier.com\/blog\/#personlogo\",\"inLanguage\":\"fr-FR\",\"url\":\"http:\/\/0.gravatar.com\/avatar\/3e70ef1e4a58c2818016331a195ea567?s=96&d=mm&r=g\",\"contentUrl\":\"http:\/\/0.gravatar.com\/avatar\/3e70ef1e4a58c2818016331a195ea567?s=96&d=mm&r=g\",\"caption\":\"Sandrine\"},\"url\":\"http:\/\/www.appeloffreduparticulier.com\/blog\/author\/sandrine\/\"}]}<\/script>\n<!-- \/ Yoast SEO plugin. -->","yoast_head_json":{"title":"L\u2019entreprise individuelle (ei), le nouveau r\u00e9gime pour les ind\u00e9pendants - Appel offre particulier - site pour trouver une annonce de devis ou un appel d&#039;offre","description":"Le 15 mai 2022 est entr\u00e9 en vigueur un nouveau r\u00e9gime pour les entreprises individuelles","robots":{"index":"index","follow":"follow","max-snippet":"max-snippet:-1","max-image-preview":"max-image-preview:large","max-video-preview":"max-video-preview:-1"},"canonical":"http:\/\/www.appeloffreduparticulier.com\/blog\/le-nouveau-regime-pour-les-independants\/","og_locale":"fr_FR","og_type":"article","og_title":"L\u2019entreprise individuelle (ei), le nouveau r\u00e9gime pour les ind\u00e9pendants - Appel offre particulier - site pour trouver une annonce de devis ou un appel d&#039;offre","og_description":"Le 15 mai 2022 est entr\u00e9 en vigueur un nouveau r\u00e9gime pour les entreprises individuelles","og_url":"http:\/\/www.appeloffreduparticulier.com\/blog\/le-nouveau-regime-pour-les-independants\/","og_site_name":"Appel offre particulier - site pour trouver une annonce de devis ou un appel d&#039;offre","article_published_time":"2022-10-06T11:28:00+00:00","article_modified_time":"2022-10-05T11:32:59+00:00","og_image":[{"width":1280,"height":843,"url":"http:\/\/www.appeloffreduparticulier.com\/blog\/wp-content\/uploads\/2022\/10\/marketing-gada01b816_1280.jpg","path":"\/var\/www\/appeloffreduparticulier.com\/www\/blog\/wp-content\/uploads\/2022\/10\/marketing-gada01b816_1280.jpg","size":"full","id":422,"alt":"Nouveau r\u00e9gime des ind\u00e9pendants","pixels":1079040,"type":"image\/jpeg"}],"twitter_card":"summary","twitter_misc":{"\u00c9crit par":"Sandrine","Dur\u00e9e de lecture est.":"3 minutes"},"schema":{"@context":"https:\/\/schema.org","@graph":[{"@type":"WebSite","@id":"http:\/\/www.appeloffreduparticulier.com\/blog\/#website","url":"http:\/\/www.appeloffreduparticulier.com\/blog\/","name":"Appel offre particulier - site pour trouver une annonce de devis ou un appel d&#039;offre","description":"Articles pour ne pas se tromper dans votre annonce de particulier et aussi dans vos appels d&#039;offre (travaux ou autres)","potentialAction":[{"@type":"SearchAction","target":{"@type":"EntryPoint","urlTemplate":"http:\/\/www.appeloffreduparticulier.com\/blog\/?s={search_term_string}"},"query-input":"required name=search_term_string"}],"inLanguage":"fr-FR"},{"@type":"ImageObject","@id":"http:\/\/www.appeloffreduparticulier.com\/blog\/le-nouveau-regime-pour-les-independants\/#primaryimage","inLanguage":"fr-FR","url":"http:\/\/www.appeloffreduparticulier.com\/blog\/wp-content\/uploads\/2022\/10\/marketing-gada01b816_1280.jpg","contentUrl":"http:\/\/www.appeloffreduparticulier.com\/blog\/wp-content\/uploads\/2022\/10\/marketing-gada01b816_1280.jpg","width":1280,"height":843,"caption":"Nouveau r\u00e9gime des ind\u00e9pendants"},{"@type":"WebPage","@id":"http:\/\/www.appeloffreduparticulier.com\/blog\/le-nouveau-regime-pour-les-independants\/#webpage","url":"http:\/\/www.appeloffreduparticulier.com\/blog\/le-nouveau-regime-pour-les-independants\/","name":"L\u2019entreprise individuelle (ei), le nouveau r\u00e9gime pour les ind\u00e9pendants - Appel offre particulier - site pour trouver une annonce de devis ou un appel d&#039;offre","isPartOf":{"@id":"http:\/\/www.appeloffreduparticulier.com\/blog\/#website"},"primaryImageOfPage":{"@id":"http:\/\/www.appeloffreduparticulier.com\/blog\/le-nouveau-regime-pour-les-independants\/#primaryimage"},"datePublished":"2022-10-06T11:28:00+00:00","dateModified":"2022-10-05T11:32:59+00:00","author":{"@id":"http:\/\/www.appeloffreduparticulier.com\/blog\/#\/schema\/person\/9221836eb9e7614689c6b49fb2faf0f6"},"description":"Le 15 mai 2022 est entr\u00e9 en vigueur un nouveau r\u00e9gime pour les entreprises individuelles","breadcrumb":{"@id":"http:\/\/www.appeloffreduparticulier.com\/blog\/le-nouveau-regime-pour-les-independants\/#breadcrumb"},"inLanguage":"fr-FR","potentialAction":[{"@type":"ReadAction","target":["http:\/\/www.appeloffreduparticulier.com\/blog\/le-nouveau-regime-pour-les-independants\/"]}]},{"@type":"BreadcrumbList","@id":"http:\/\/www.appeloffreduparticulier.com\/blog\/le-nouveau-regime-pour-les-independants\/#breadcrumb","itemListElement":[{"@type":"ListItem","position":1,"name":"Accueil","item":"http:\/\/www.appeloffreduparticulier.com\/blog\/"},{"@type":"ListItem","position":2,"name":"L\u2019entreprise individuelle (ei), le nouveau r\u00e9gime pour les ind\u00e9pendants"}]},{"@type":"Person","@id":"http:\/\/www.appeloffreduparticulier.com\/blog\/#\/schema\/person\/9221836eb9e7614689c6b49fb2faf0f6","name":"Sandrine","image":{"@type":"ImageObject","@id":"http:\/\/www.appeloffreduparticulier.com\/blog\/#personlogo","inLanguage":"fr-FR","url":"http:\/\/0.gravatar.com\/avatar\/3e70ef1e4a58c2818016331a195ea567?s=96&d=mm&r=g","contentUrl":"http:\/\/0.gravatar.com\/avatar\/3e70ef1e4a58c2818016331a195ea567?s=96&d=mm&r=g","caption":"Sandrine"},"url":"http:\/\/www.appeloffreduparticulier.com\/blog\/author\/sandrine\/"}]}},"_links":{"self":[{"href":"http:\/\/www.appeloffreduparticulier.com\/blog\/wp-json\/wp\/v2\/posts\/421"}],"collection":[{"href":"http:\/\/www.appeloffreduparticulier.com\/blog\/wp-json\/wp\/v2\/posts"}],"about":[{"href":"http:\/\/www.appeloffreduparticulier.com\/blog\/wp-json\/wp\/v2\/types\/post"}],"author":[{"embeddable":true,"href":"http:\/\/www.appeloffreduparticulier.com\/blog\/wp-json\/wp\/v2\/users\/2"}],"replies":[{"embeddable":true,"href":"http:\/\/www.appeloffreduparticulier.com\/blog\/wp-json\/wp\/v2\/comments?post=421"}],"version-history":[{"count":2,"href":"http:\/\/www.appeloffreduparticulier.com\/blog\/wp-json\/wp\/v2\/posts\/421\/revisions"}],"predecessor-version":[{"id":424,"href":"http:\/\/www.appeloffreduparticulier.com\/blog\/wp-json\/wp\/v2\/posts\/421\/revisions\/424"}],"wp:featuredmedia":[{"embeddable":true,"href":"http:\/\/www.appeloffreduparticulier.com\/blog\/wp-json\/wp\/v2\/media\/422"}],"wp:attachment":[{"href":"http:\/\/www.appeloffreduparticulier.com\/blog\/wp-json\/wp\/v2\/media?parent=421"}],"wp:term":[{"taxonomy":"category","embeddable":true,"href":"http:\/\/www.appeloffreduparticulier.com\/blog\/wp-json\/wp\/v2\/categories?post=421"},{"taxonomy":"post_tag","embeddable":true,"href":"http:\/\/www.appeloffreduparticulier.com\/blog\/wp-json\/wp\/v2\/tags?post=421"}],"curies":[{"name":"wp","href":"https:\/\/api.w.org\/{rel}","templated":true}]}}