{"id":426,"date":"2022-10-20T12:35:00","date_gmt":"2022-10-20T11:35:00","guid":{"rendered":"http:\/\/www.appeloffreduparticulier.com\/blog\/?p=426"},"modified":"2022-10-19T12:36:04","modified_gmt":"2022-10-19T11:36:04","slug":"faire-de-son-lieu-de-vie-un-local-professionnel","status":"publish","type":"post","link":"http:\/\/www.appeloffreduparticulier.com\/blog\/faire-de-son-lieu-de-vie-un-local-professionnel\/","title":{"rendered":"Utiliser mon logement comme local professionnel"},"content":{"rendered":"\n<p>Le t\u00e9l\u00e9travail est pass\u00e9 par l\u00e0 et de nombreuses personnes souhaitent \u00e0 pr\u00e9sent travailler chez elles. Cela est tout \u00e0 fait possible \u00e0 condition de respecter certaines conditions.<\/p>\n\n\n\n<h2>V\u00e9rifier que travailler chez soi est possible<\/h2>\n\n\n\n<p>Selon votre <a href=\"https:\/\/www.appeloffreduparticulier.com\/\">activit\u00e9 professionnelle<\/a>, l\u2019autorisation de changement d\u2019usage peut \u00eatre accord\u00e9e ou non. Il est donc indispensable de vous renseigner avant m\u00eame de commencer votre<a href=\"https:\/\/www.appeloffreduparticulier.com\/inscription.php\"> activit\u00e9<\/a> chez vous. Si vous \u00eates propri\u00e9taire de votre bien, vous devrez v\u00e9rifier que le changement d\u2019usage est possible aupr\u00e8s de votre mairie (r\u00e8gles de la construction et de l\u2019habitation). Cette demande est obligatoire si l\u2019habitation est situ\u00e9e dans une commune de plus de 200 000 habitants dans les d\u00e9partements de la Seine-Saint-Denis, des Hauts-de-Seine et du Val-de-Marne. La demande doit \u00eatre faite m\u00eame si vous envisagez d\u2019utiliser une annexe comme un garage. \u00c0 savoir : si vous exercez une <a href=\"https:\/\/www.appeloffreduparticulier.com\/blog\/se-reconvertir-pour-devenir-auto-entrepreneur\/\">activit\u00e9 professionnelle<\/a> sans accueil de public ou r\u00e9ception de marchandises, vous n\u2019avez pas \u00e0 faire de demande, de m\u00eame si le local d\u2019habitation a \u00e9t\u00e9 au pr\u00e9alable un local d\u2019activit\u00e9 (commerce, par exemple).<\/p>\n\n\n\n<p>Si vous \u00eates copropri\u00e9taire ou locataire, votre bailleur ou les autres copropri\u00e9taires doivent donner leur accord.<\/p>\n\n\n\n<p>Le changement d\u2019usage n\u2019est pas la seule demande \u00e0 r\u00e9aliser. Il est aussi indispensable de faire une demande de changement de destination (Code de l\u2019urbanisme). Pour cela, le d\u00e9p\u00f4t d\u2019un document d\u2019urbanisme est indispensable. Si vous ne devez pas r\u00e9aliser de travaux pr\u00e9alables dans le logement (ou tr\u00e8s limit\u00e9), une d\u00e9claration pr\u00e9alable est suffisante. Si des travaux sont n\u00e9cessaires avec remaniement des structures ou agrandissement, par exemple, un permis de construire vous sera demand\u00e9. Cela se fait en mairie.<\/p>\n\n\n\n<h2>D\u2019autres choses \u00e0 faire avant de travailler chez soi<\/h2>\n\n\n\n<p>Il faudra \u00e9galement proc\u00e9der \u00e0 deux autres changements avant de pouvoir utiliser votre logement comme lieu de travail. Une fois l\u2019autorisation de changement d\u2019usage obtenue, vous devrez avertir l\u2019administration fiscale. C\u2019est indispensable pour un nouveau calcul de la taxe fonci\u00e8re. Vous devrez remplir la d\u00e9claration IL 6704 dans les 90 jours qui suivent.<\/p>\n\n\n\n<p>Il faudra \u00e9videmment adapter votre assurance \u00e0 votre activit\u00e9 et sans aucun doute\u00a0souscrire\u00a0une nouvelle assurance en plus de votre <strong>assurance habitation<\/strong> traditionnelle.<\/p>\n\n\n\n<h2>Pourquoi travailler chez soi ?<\/h2>\n\n\n\n<p>Faire d\u2019une partie de son logement son lieu d\u2019activit\u00e9 va \u00e9videmment vous offrir de nombreux avantages. Vous n\u2019avez pas \u00e0 vous d\u00e9placer tous les jours. Pas de perte de temps dans les transports en commun ou la voiture. C\u2019est aussi plus pratique. Vous pouvez garder un \u0153il sur vos enfants (et ne plus avoir besoin de payer une nounou). D\u2019autres \u00e9conomies sont possibles : vous n\u2019avez pas \u00e0 louer un<strong> local professionnel<\/strong> et r\u00e9gler les charges aff\u00e9rentes.<\/p>\n\n\n\n<p>Toutefois, transformer une pi\u00e8ce ou plusieurs de sa maison en local professionnel peut aussi cr\u00e9er des difficult\u00e9s. Il peut ne plus avoir de s\u00e9paration entre vie active et vie priv\u00e9e. Le fait de recevoir de nombreuses marchandises ou des clients peut devenir une g\u00eane pour le voisinage.<\/p>\n\n\n\n<p>De plus, votre logement sera soumis \u00e0 la<strong> CFE <\/strong>en plus de la taxe fonci\u00e8re ou la taxe d\u2019habitation. Certaines communes proposent n\u00e9anmoins des d\u00e9rogations.<\/p>\n\n\n\n<p>Quelques communes proposent n\u00e9anmoins des d\u00e9rogations. Il est aussi possible de profiter d\u2019exon\u00e9rations seulement si le lieu d\u2019activit\u00e9 est s\u00e9par\u00e9 du lieu d\u2019habitation (garage, d\u00e9pendance\u2026) :<\/p>\n\n\n\n<ul><li>S\u2019il dispose d\u2019une entr\u00e9e ind\u00e9pendante,<\/li><li>S\u2019il est soumis \u00e0 la CFE,<\/li><li>S\u2019il ne peut plus \u00eatre utilis\u00e9 comme lieu d\u2019habitation.<\/li><\/ul>\n\n\n\n<p>Utiliser votre<strong> lieu d\u2019habitation pour travaille<\/strong>r peut \u00e9galement vous faire d\u00e9penser plus (\u00e9lectricit\u00e9, par exemple).<\/p>\n<div style=\"display: none;\"\n    class=\"kk-star-ratings kksr-valign-bottom kksr-align-left kksr-disabled\"\n    data-id=\"426\"\n    data-slug=\"\">\n    <div class=\"kksr-stars\">\n    <div class=\"kksr-stars-inactive\">\n            <div class=\"kksr-star\" data-star=\"1\">\n            <div class=\"kksr-icon\" style=\"width: px; height: px;\"><\/div>\n        <\/div>\n            <div class=\"kksr-star\" data-star=\"2\">\n            <div class=\"kksr-icon\" style=\"width: px; height: px;\"><\/div>\n        <\/div>\n            <div class=\"kksr-star\" data-star=\"3\">\n            <div class=\"kksr-icon\" style=\"width: px; height: px;\"><\/div>\n        <\/div>\n            <div class=\"kksr-star\" data-star=\"4\">\n            <div class=\"kksr-icon\" style=\"width: px; height: px;\"><\/div>\n        <\/div>\n            <div class=\"kksr-star\" data-star=\"5\">\n            <div class=\"kksr-icon\" style=\"width: px; height: px;\"><\/div>\n        <\/div>\n    <\/div>\n    <div class=\"kksr-stars-active\" style=\"width: 0px;\">\n            <div class=\"kksr-star\">\n            <div class=\"kksr-icon\" style=\"width: px; height: px;\"><\/div>\n        <\/div>\n            <div class=\"kksr-star\">\n            <div class=\"kksr-icon\" style=\"width: px; height: px;\"><\/div>\n        <\/div>\n            <div class=\"kksr-star\">\n            <div class=\"kksr-icon\" style=\"width: px; height: px;\"><\/div>\n        <\/div>\n            <div class=\"kksr-star\">\n            <div class=\"kksr-icon\" style=\"width: px; height: px;\"><\/div>\n        <\/div>\n            <div class=\"kksr-star\">\n            <div class=\"kksr-icon\" style=\"width: px; height: px;\"><\/div>\n        <\/div>\n    <\/div>\n<\/div>\n    <div class=\"kksr-legend\">\n            <span class=\"kksr-muted\"><\/span>\n    <\/div>\n<\/div>\n","protected":false},"excerpt":{"rendered":"<p>Le t\u00e9l\u00e9travail est pass\u00e9 par l\u00e0 et de nombreuses personnes souhaitent \u00e0 pr\u00e9sent travailler chez elles. Cela est tout \u00e0 fait possible \u00e0 condition de respecter certaines conditions. V\u00e9rifier que travailler chez soi est possible Selon votre activit\u00e9 professionnelle, l\u2019autorisation de changement d\u2019usage peut \u00eatre accord\u00e9e ou non. Il est donc indispensable de vous renseigner &hellip; <a href=\"http:\/\/www.appeloffreduparticulier.com\/blog\/faire-de-son-lieu-de-vie-un-local-professionnel\/\" class=\"more-link\">Continuer la lecture<span class=\"screen-reader-text\"> de &laquo;&nbsp;Utiliser mon logement comme local professionnel&nbsp;&raquo;<\/span><\/a><\/p>\n","protected":false},"author":2,"featured_media":427,"comment_status":"closed","ping_status":"closed","sticky":false,"template":"","format":"standard","meta":[],"categories":[1],"tags":[],"yoast_head":"<!-- This site is optimized with the Yoast SEO plugin v17.1 - https:\/\/yoast.com\/wordpress\/plugins\/seo\/ -->\n<title>Faire de son lieu de vie un local professionnel<\/title>\n<meta name=\"description\" content=\"Pourquoi et comment transformer son logement en local professionnel, une solution rentable qui n\u00e9cessite des d\u00e9marches\" \/>\n<meta name=\"robots\" content=\"index, follow, max-snippet:-1, max-image-preview:large, max-video-preview:-1\" \/>\n<link rel=\"canonical\" href=\"https:\/\/www.appeloffreduparticulier.com\/blog\/faire-de-son-lieu-de-vie-un-local-professionnel\/\" \/>\n<meta property=\"og:locale\" content=\"fr_FR\" \/>\n<meta property=\"og:type\" content=\"article\" \/>\n<meta property=\"og:title\" content=\"Faire de son lieu de vie un local professionnel\" \/>\n<meta property=\"og:description\" content=\"Pourquoi et comment transformer son logement en local professionnel, une solution rentable qui n\u00e9cessite des d\u00e9marches\" \/>\n<meta property=\"og:url\" content=\"https:\/\/www.appeloffreduparticulier.com\/blog\/faire-de-son-lieu-de-vie-un-local-professionnel\/\" \/>\n<meta property=\"og:site_name\" content=\"Appel offre particulier - site pour trouver une annonce de devis ou un appel d&#039;offre\" \/>\n<meta property=\"article:published_time\" content=\"2022-10-20T11:35:00+00:00\" \/>\n<meta property=\"article:modified_time\" content=\"2022-10-19T11:36:04+00:00\" \/>\n<meta property=\"og:image\" content=\"https:\/\/www.appeloffreduparticulier.com\/blog\/wp-content\/uploads\/2022\/10\/workplace-g8e6ccbc89_1280.jpg\" \/>\n\t<meta property=\"og:image:width\" content=\"1280\" \/>\n\t<meta property=\"og:image:height\" content=\"853\" \/>\n<meta name=\"twitter:card\" content=\"summary\" \/>\n<meta name=\"twitter:label1\" content=\"\u00c9crit par\" \/>\n\t<meta name=\"twitter:data1\" content=\"Sandrine\" \/>\n\t<meta name=\"twitter:label2\" content=\"Dur\u00e9e de lecture est.\" \/>\n\t<meta name=\"twitter:data2\" content=\"3 minutes\" \/>\n<script type=\"application\/ld+json\" class=\"yoast-schema-graph\">{\"@context\":\"https:\/\/schema.org\",\"@graph\":[{\"@type\":\"WebSite\",\"@id\":\"https:\/\/www.appeloffreduparticulier.com\/blog\/#website\",\"url\":\"https:\/\/www.appeloffreduparticulier.com\/blog\/\",\"name\":\"Appel offre particulier - site pour trouver une annonce de devis ou un appel d&#039;offre\",\"description\":\"Articles pour ne pas se tromper dans votre annonce de particulier et aussi dans vos appels d&#039;offre (travaux ou autres)\",\"potentialAction\":[{\"@type\":\"SearchAction\",\"target\":{\"@type\":\"EntryPoint\",\"urlTemplate\":\"https:\/\/www.appeloffreduparticulier.com\/blog\/?s={search_term_string}\"},\"query-input\":\"required name=search_term_string\"}],\"inLanguage\":\"fr-FR\"},{\"@type\":\"ImageObject\",\"@id\":\"https:\/\/www.appeloffreduparticulier.com\/blog\/faire-de-son-lieu-de-vie-un-local-professionnel\/#primaryimage\",\"inLanguage\":\"fr-FR\",\"url\":\"http:\/\/www.appeloffreduparticulier.com\/blog\/wp-content\/uploads\/2022\/10\/workplace-g8e6ccbc89_1280.jpg\",\"contentUrl\":\"http:\/\/www.appeloffreduparticulier.com\/blog\/wp-content\/uploads\/2022\/10\/workplace-g8e6ccbc89_1280.jpg\",\"width\":1280,\"height\":853,\"caption\":\"local professionnel \\u00e0 domicile\"},{\"@type\":\"WebPage\",\"@id\":\"https:\/\/www.appeloffreduparticulier.com\/blog\/faire-de-son-lieu-de-vie-un-local-professionnel\/#webpage\",\"url\":\"https:\/\/www.appeloffreduparticulier.com\/blog\/faire-de-son-lieu-de-vie-un-local-professionnel\/\",\"name\":\"Faire de son lieu de vie un local professionnel\",\"isPartOf\":{\"@id\":\"https:\/\/www.appeloffreduparticulier.com\/blog\/#website\"},\"primaryImageOfPage\":{\"@id\":\"https:\/\/www.appeloffreduparticulier.com\/blog\/faire-de-son-lieu-de-vie-un-local-professionnel\/#primaryimage\"},\"datePublished\":\"2022-10-20T11:35:00+00:00\",\"dateModified\":\"2022-10-19T11:36:04+00:00\",\"author\":{\"@id\":\"https:\/\/www.appeloffreduparticulier.com\/blog\/#\/schema\/person\/9221836eb9e7614689c6b49fb2faf0f6\"},\"description\":\"Pourquoi et comment transformer son logement en local professionnel, une solution rentable qui n\\u00e9cessite des d\\u00e9marches\",\"breadcrumb\":{\"@id\":\"https:\/\/www.appeloffreduparticulier.com\/blog\/faire-de-son-lieu-de-vie-un-local-professionnel\/#breadcrumb\"},\"inLanguage\":\"fr-FR\",\"potentialAction\":[{\"@type\":\"ReadAction\",\"target\":[\"https:\/\/www.appeloffreduparticulier.com\/blog\/faire-de-son-lieu-de-vie-un-local-professionnel\/\"]}]},{\"@type\":\"BreadcrumbList\",\"@id\":\"https:\/\/www.appeloffreduparticulier.com\/blog\/faire-de-son-lieu-de-vie-un-local-professionnel\/#breadcrumb\",\"itemListElement\":[{\"@type\":\"ListItem\",\"position\":1,\"name\":\"Accueil\",\"item\":\"https:\/\/www.appeloffreduparticulier.com\/blog\/\"},{\"@type\":\"ListItem\",\"position\":2,\"name\":\"Utiliser mon logement comme local professionnel\"}]},{\"@type\":\"Person\",\"@id\":\"https:\/\/www.appeloffreduparticulier.com\/blog\/#\/schema\/person\/9221836eb9e7614689c6b49fb2faf0f6\",\"name\":\"Sandrine\",\"image\":{\"@type\":\"ImageObject\",\"@id\":\"https:\/\/www.appeloffreduparticulier.com\/blog\/#personlogo\",\"inLanguage\":\"fr-FR\",\"url\":\"http:\/\/0.gravatar.com\/avatar\/3e70ef1e4a58c2818016331a195ea567?s=96&d=mm&r=g\",\"contentUrl\":\"http:\/\/0.gravatar.com\/avatar\/3e70ef1e4a58c2818016331a195ea567?s=96&d=mm&r=g\",\"caption\":\"Sandrine\"},\"url\":\"http:\/\/www.appeloffreduparticulier.com\/blog\/author\/sandrine\/\"}]}<\/script>\n<!-- \/ Yoast SEO plugin. -->","yoast_head_json":{"title":"Faire de son lieu de vie un local professionnel","description":"Pourquoi et comment transformer son logement en local professionnel, une solution rentable qui n\u00e9cessite des d\u00e9marches","robots":{"index":"index","follow":"follow","max-snippet":"max-snippet:-1","max-image-preview":"max-image-preview:large","max-video-preview":"max-video-preview:-1"},"canonical":"https:\/\/www.appeloffreduparticulier.com\/blog\/faire-de-son-lieu-de-vie-un-local-professionnel\/","og_locale":"fr_FR","og_type":"article","og_title":"Faire de son lieu de vie un local professionnel","og_description":"Pourquoi et comment transformer son logement en local professionnel, une solution rentable qui n\u00e9cessite des d\u00e9marches","og_url":"https:\/\/www.appeloffreduparticulier.com\/blog\/faire-de-son-lieu-de-vie-un-local-professionnel\/","og_site_name":"Appel offre particulier - site pour trouver une annonce de devis ou un appel d&#039;offre","article_published_time":"2022-10-20T11:35:00+00:00","article_modified_time":"2022-10-19T11:36:04+00:00","og_image":[{"width":1280,"height":853,"url":"https:\/\/www.appeloffreduparticulier.com\/blog\/wp-content\/uploads\/2022\/10\/workplace-g8e6ccbc89_1280.jpg","path":"\/var\/www\/appeloffreduparticulier.com\/www\/blog\/wp-content\/uploads\/2022\/10\/workplace-g8e6ccbc89_1280.jpg","size":"full","id":427,"alt":"local professionnel \u00e0 domicile","pixels":1091840,"type":"image\/jpeg"}],"twitter_card":"summary","twitter_misc":{"\u00c9crit par":"Sandrine","Dur\u00e9e de lecture est.":"3 minutes"},"schema":{"@context":"https:\/\/schema.org","@graph":[{"@type":"WebSite","@id":"https:\/\/www.appeloffreduparticulier.com\/blog\/#website","url":"https:\/\/www.appeloffreduparticulier.com\/blog\/","name":"Appel offre particulier - site pour trouver une annonce de devis ou un appel d&#039;offre","description":"Articles pour ne pas se tromper dans votre annonce de particulier et aussi dans vos appels d&#039;offre (travaux ou autres)","potentialAction":[{"@type":"SearchAction","target":{"@type":"EntryPoint","urlTemplate":"https:\/\/www.appeloffreduparticulier.com\/blog\/?s={search_term_string}"},"query-input":"required name=search_term_string"}],"inLanguage":"fr-FR"},{"@type":"ImageObject","@id":"https:\/\/www.appeloffreduparticulier.com\/blog\/faire-de-son-lieu-de-vie-un-local-professionnel\/#primaryimage","inLanguage":"fr-FR","url":"http:\/\/www.appeloffreduparticulier.com\/blog\/wp-content\/uploads\/2022\/10\/workplace-g8e6ccbc89_1280.jpg","contentUrl":"http:\/\/www.appeloffreduparticulier.com\/blog\/wp-content\/uploads\/2022\/10\/workplace-g8e6ccbc89_1280.jpg","width":1280,"height":853,"caption":"local professionnel \u00e0 domicile"},{"@type":"WebPage","@id":"https:\/\/www.appeloffreduparticulier.com\/blog\/faire-de-son-lieu-de-vie-un-local-professionnel\/#webpage","url":"https:\/\/www.appeloffreduparticulier.com\/blog\/faire-de-son-lieu-de-vie-un-local-professionnel\/","name":"Faire de son lieu de vie un local professionnel","isPartOf":{"@id":"https:\/\/www.appeloffreduparticulier.com\/blog\/#website"},"primaryImageOfPage":{"@id":"https:\/\/www.appeloffreduparticulier.com\/blog\/faire-de-son-lieu-de-vie-un-local-professionnel\/#primaryimage"},"datePublished":"2022-10-20T11:35:00+00:00","dateModified":"2022-10-19T11:36:04+00:00","author":{"@id":"https:\/\/www.appeloffreduparticulier.com\/blog\/#\/schema\/person\/9221836eb9e7614689c6b49fb2faf0f6"},"description":"Pourquoi et comment transformer son logement en local professionnel, une solution rentable qui n\u00e9cessite des d\u00e9marches","breadcrumb":{"@id":"https:\/\/www.appeloffreduparticulier.com\/blog\/faire-de-son-lieu-de-vie-un-local-professionnel\/#breadcrumb"},"inLanguage":"fr-FR","potentialAction":[{"@type":"ReadAction","target":["https:\/\/www.appeloffreduparticulier.com\/blog\/faire-de-son-lieu-de-vie-un-local-professionnel\/"]}]},{"@type":"BreadcrumbList","@id":"https:\/\/www.appeloffreduparticulier.com\/blog\/faire-de-son-lieu-de-vie-un-local-professionnel\/#breadcrumb","itemListElement":[{"@type":"ListItem","position":1,"name":"Accueil","item":"https:\/\/www.appeloffreduparticulier.com\/blog\/"},{"@type":"ListItem","position":2,"name":"Utiliser mon logement comme local professionnel"}]},{"@type":"Person","@id":"https:\/\/www.appeloffreduparticulier.com\/blog\/#\/schema\/person\/9221836eb9e7614689c6b49fb2faf0f6","name":"Sandrine","image":{"@type":"ImageObject","@id":"https:\/\/www.appeloffreduparticulier.com\/blog\/#personlogo","inLanguage":"fr-FR","url":"http:\/\/0.gravatar.com\/avatar\/3e70ef1e4a58c2818016331a195ea567?s=96&d=mm&r=g","contentUrl":"http:\/\/0.gravatar.com\/avatar\/3e70ef1e4a58c2818016331a195ea567?s=96&d=mm&r=g","caption":"Sandrine"},"url":"http:\/\/www.appeloffreduparticulier.com\/blog\/author\/sandrine\/"}]}},"_links":{"self":[{"href":"http:\/\/www.appeloffreduparticulier.com\/blog\/wp-json\/wp\/v2\/posts\/426"}],"collection":[{"href":"http:\/\/www.appeloffreduparticulier.com\/blog\/wp-json\/wp\/v2\/posts"}],"about":[{"href":"http:\/\/www.appeloffreduparticulier.com\/blog\/wp-json\/wp\/v2\/types\/post"}],"author":[{"embeddable":true,"href":"http:\/\/www.appeloffreduparticulier.com\/blog\/wp-json\/wp\/v2\/users\/2"}],"replies":[{"embeddable":true,"href":"http:\/\/www.appeloffreduparticulier.com\/blog\/wp-json\/wp\/v2\/comments?post=426"}],"version-history":[{"count":1,"href":"http:\/\/www.appeloffreduparticulier.com\/blog\/wp-json\/wp\/v2\/posts\/426\/revisions"}],"predecessor-version":[{"id":428,"href":"http:\/\/www.appeloffreduparticulier.com\/blog\/wp-json\/wp\/v2\/posts\/426\/revisions\/428"}],"wp:featuredmedia":[{"embeddable":true,"href":"http:\/\/www.appeloffreduparticulier.com\/blog\/wp-json\/wp\/v2\/media\/427"}],"wp:attachment":[{"href":"http:\/\/www.appeloffreduparticulier.com\/blog\/wp-json\/wp\/v2\/media?parent=426"}],"wp:term":[{"taxonomy":"category","embeddable":true,"href":"http:\/\/www.appeloffreduparticulier.com\/blog\/wp-json\/wp\/v2\/categories?post=426"},{"taxonomy":"post_tag","embeddable":true,"href":"http:\/\/www.appeloffreduparticulier.com\/blog\/wp-json\/wp\/v2\/tags?post=426"}],"curies":[{"name":"wp","href":"https:\/\/api.w.org\/{rel}","templated":true}]}}