{"id":54,"date":"2016-04-07T10:35:17","date_gmt":"2016-04-07T09:35:17","guid":{"rendered":"http:\/\/www.appeloffreduparticulier.com\/blog\/?p=54"},"modified":"2016-03-30T08:06:16","modified_gmt":"2016-03-30T07:06:16","slug":"prime-a-la-renovation-ou-en-est-on","status":"publish","type":"post","link":"http:\/\/www.appeloffreduparticulier.com\/blog\/prime-a-la-renovation-ou-en-est-on\/","title":{"rendered":"Prime \u00e0 la r\u00e9novation, o\u00f9 en est on ?"},"content":{"rendered":"<p class=\"Standard\" style=\"text-align: justify;\">Avec la Loi de Finances 2016, l\u2019Etat renforce pour cette ann\u00e9e les aides d\u00e9di\u00e9es au logement. Elle met aussi un point d\u2019honneur aux aides de l\u2019Etat dans la participation \u00e0 la <strong>r\u00e9novation des logements<\/strong>.<\/p>\n<h2 class=\"Standard\" style=\"text-align: justify;\">Ce qui augmente au niveau des primes<\/h2>\n<p class=\"Standard\" style=\"text-align: justify;\">Le <a href=\"http:\/\/www.appeloffreduparticulier.com\/blog\/renovation-de-maison-ou-appartement-profitez-en-pour-beneficier-daide-de-letat\/\">pr\u00eat \u00e0 taux z\u00e9ro<\/a> (PTZ) voit sa dur\u00e9e de remboursement plus longue passant de 20 \u00e0 25 ans. Les revenus des foyers pouvant en b\u00e9n\u00e9ficier ont \u00e9t\u00e9 revus \u00e0 la hausse aussi.<\/p>\n<p class=\"Standard\" style=\"text-align: justify;\">Le PTZ pour l\u2019achat d\u2019un logement ancien avec <strong>r\u00e9alisation de travaux<\/strong> a \u00e9t\u00e9 \u00e9largi \u00e0 toute la France maintenant alors qu\u2019il n\u2019\u00e9tait limit\u00e9 qu\u2019\u00e0 6000 communes avant.<\/p>\n<p class=\"Standard\" style=\"text-align: justify;\">Il sera \u00e9galement possible de louer le logement \u00e0 l\u2019expiration d\u2019un d\u00e9lai de 6 ans.<\/p>\n<p class=\"Standard\" style=\"text-align: justify;\">De plus, le budget de l\u2019ANAH (Agence Nationale de l\u2019Habitat) est augment\u00e9 et passe \u00e0 70 millions d\u2019euros. Les m\u00e9nages pouvant b\u00e9n\u00e9fici\u00e9 de son aide se voient donc augmenter.<\/p>\n<p class=\"Standard\" style=\"text-align: justify;\">Des micro-cr\u00e9dits sont \u00e0 taux z\u00e9ro sont pr\u00e9vus pour ce qu\u2019il reste \u00e0 charge.<\/p>\n<p class=\"Standard\" style=\"text-align: justify;\">Les propri\u00e9taires bailleurs pourront se voir allouer une <strong>nouvelle prime<\/strong> de 1000\u20ac en louant leur logement en dessous du prix du march\u00e9 pendant 3 ans ou plus.<\/p>\n<h2 style=\"text-align: justify;\">Ce qui est maintenu au niveau des primes \u00e0 la r\u00e9novation<\/h2>\n<p class=\"Standard\" style=\"text-align: justify;\">L\u2019eco-PTZ est maintenu pour trois ans, il permet de financer les <a href=\"http:\/\/www.appeloffreduparticulier.com\">travaux de r\u00e9novation<\/a> \u00e9nerg\u00e9tique. Les int\u00e9r\u00eats sont ainsi pay\u00e9s par l\u2019Etat pour les travaux atteignant un minimum de performance \u00e9nerg\u00e9tique global ou pr\u00e9voyant un bouquet de deux ou trois types de travaux.<\/p>\n<p class=\"Standard\" style=\"text-align: justify;\">Le <strong>cr\u00e9dit d\u2019imp\u00f4t transition \u00e9nerg\u00e9tique<\/strong> (CITE) est maintenu pour l\u2019ann\u00e9e 2016. Il repr\u00e9sente 30% du montant des travaux avec un plafonnement en fonction de la composition du m\u00e9nage. Ses conditions sont strictement encadr\u00e9es et ne concerne que les logements principaux.<\/p>\n<div style=\"display: none;\"\n    class=\"kk-star-ratings kksr-valign-bottom kksr-align-left kksr-disabled\"\n    data-id=\"54\"\n    data-slug=\"\">\n    <div class=\"kksr-stars\">\n    <div class=\"kksr-stars-inactive\">\n            <div class=\"kksr-star\" data-star=\"1\">\n            <div class=\"kksr-icon\" style=\"width: px; height: px;\"><\/div>\n        <\/div>\n            <div class=\"kksr-star\" data-star=\"2\">\n            <div class=\"kksr-icon\" style=\"width: px; height: px;\"><\/div>\n        <\/div>\n            <div class=\"kksr-star\" data-star=\"3\">\n            <div class=\"kksr-icon\" style=\"width: px; height: px;\"><\/div>\n        <\/div>\n            <div class=\"kksr-star\" data-star=\"4\">\n            <div class=\"kksr-icon\" style=\"width: px; height: px;\"><\/div>\n        <\/div>\n            <div class=\"kksr-star\" data-star=\"5\">\n            <div class=\"kksr-icon\" style=\"width: px; height: px;\"><\/div>\n        <\/div>\n    <\/div>\n    <div class=\"kksr-stars-active\" style=\"width: 0px;\">\n            <div class=\"kksr-star\">\n            <div class=\"kksr-icon\" style=\"width: px; height: px;\"><\/div>\n        <\/div>\n            <div class=\"kksr-star\">\n            <div class=\"kksr-icon\" style=\"width: px; height: px;\"><\/div>\n        <\/div>\n            <div class=\"kksr-star\">\n            <div class=\"kksr-icon\" style=\"width: px; height: px;\"><\/div>\n        <\/div>\n            <div class=\"kksr-star\">\n            <div class=\"kksr-icon\" style=\"width: px; height: px;\"><\/div>\n        <\/div>\n            <div class=\"kksr-star\">\n            <div class=\"kksr-icon\" style=\"width: px; height: px;\"><\/div>\n        <\/div>\n    <\/div>\n<\/div>\n    <div class=\"kksr-legend\">\n            <span class=\"kksr-muted\"><\/span>\n    <\/div>\n<\/div>\n","protected":false},"excerpt":{"rendered":"<p>Avec la Loi de Finances 2016, l\u2019Etat renforce pour cette ann\u00e9e les aides d\u00e9di\u00e9es au logement. Elle met aussi un point d\u2019honneur aux aides de l\u2019Etat dans la participation \u00e0 la r\u00e9novation des logements. Ce qui augmente au niveau des primes Le pr\u00eat \u00e0 taux z\u00e9ro (PTZ) voit sa dur\u00e9e de remboursement plus longue passant &hellip; <a href=\"http:\/\/www.appeloffreduparticulier.com\/blog\/prime-a-la-renovation-ou-en-est-on\/\" class=\"more-link\">Continuer la lecture<span class=\"screen-reader-text\"> de &laquo;&nbsp;Prime \u00e0 la r\u00e9novation, o\u00f9 en est on ?&nbsp;&raquo;<\/span><\/a><\/p>\n","protected":false},"author":1,"featured_media":0,"comment_status":"closed","ping_status":"closed","sticky":false,"template":"","format":"standard","meta":[],"categories":[3],"tags":[],"yoast_head":"<!-- This site is optimized with the Yoast SEO plugin v17.1 - https:\/\/yoast.com\/wordpress\/plugins\/seo\/ -->\n<title>Prime \u00e0 la r\u00e9novation, o\u00f9 en est on ? - Appel offre particulier - site pour trouver une annonce de devis ou un appel d&#039;offre<\/title>\n<meta name=\"robots\" content=\"index, follow, max-snippet:-1, max-image-preview:large, max-video-preview:-1\" \/>\n<link rel=\"canonical\" href=\"http:\/\/www.appeloffreduparticulier.com\/blog\/prime-a-la-renovation-ou-en-est-on\/\" \/>\n<meta property=\"og:locale\" content=\"fr_FR\" \/>\n<meta property=\"og:type\" content=\"article\" \/>\n<meta property=\"og:title\" content=\"Prime \u00e0 la r\u00e9novation, o\u00f9 en est on ? - Appel offre particulier - site pour trouver une annonce de devis ou un appel d&#039;offre\" \/>\n<meta property=\"og:description\" content=\"Avec la Loi de Finances 2016, l\u2019Etat renforce pour cette ann\u00e9e les aides d\u00e9di\u00e9es au logement. Elle met aussi un point d\u2019honneur aux aides de l\u2019Etat dans la participation \u00e0 la r\u00e9novation des logements. Ce qui augmente au niveau des primes Le pr\u00eat \u00e0 taux z\u00e9ro (PTZ) voit sa dur\u00e9e de remboursement plus longue passant &hellip; Continuer la lecture de &laquo;&nbsp;Prime \u00e0 la r\u00e9novation, o\u00f9 en est on ?&nbsp;&raquo;\" \/>\n<meta property=\"og:url\" content=\"http:\/\/www.appeloffreduparticulier.com\/blog\/prime-a-la-renovation-ou-en-est-on\/\" \/>\n<meta property=\"og:site_name\" content=\"Appel offre particulier - site pour trouver une annonce de devis ou un appel d&#039;offre\" \/>\n<meta property=\"article:published_time\" content=\"2016-04-07T09:35:17+00:00\" \/>\n<meta property=\"article:modified_time\" content=\"2016-03-30T07:06:16+00:00\" \/>\n<meta name=\"twitter:card\" content=\"summary\" \/>\n<meta name=\"twitter:label1\" content=\"\u00c9crit par\" \/>\n\t<meta name=\"twitter:data1\" content=\"admin\" \/>\n\t<meta name=\"twitter:label2\" content=\"Dur\u00e9e de lecture est.\" \/>\n\t<meta name=\"twitter:data2\" content=\"2 minutes\" \/>\n<script type=\"application\/ld+json\" class=\"yoast-schema-graph\">{\"@context\":\"https:\/\/schema.org\",\"@graph\":[{\"@type\":\"WebSite\",\"@id\":\"http:\/\/www.appeloffreduparticulier.com\/blog\/#website\",\"url\":\"http:\/\/www.appeloffreduparticulier.com\/blog\/\",\"name\":\"Appel offre particulier - site pour trouver une annonce de devis ou un appel d&#039;offre\",\"description\":\"Articles pour ne pas se tromper dans votre annonce de particulier et aussi dans vos appels d&#039;offre (travaux ou autres)\",\"potentialAction\":[{\"@type\":\"SearchAction\",\"target\":{\"@type\":\"EntryPoint\",\"urlTemplate\":\"http:\/\/www.appeloffreduparticulier.com\/blog\/?s={search_term_string}\"},\"query-input\":\"required name=search_term_string\"}],\"inLanguage\":\"fr-FR\"},{\"@type\":\"WebPage\",\"@id\":\"http:\/\/www.appeloffreduparticulier.com\/blog\/prime-a-la-renovation-ou-en-est-on\/#webpage\",\"url\":\"http:\/\/www.appeloffreduparticulier.com\/blog\/prime-a-la-renovation-ou-en-est-on\/\",\"name\":\"Prime \\u00e0 la r\\u00e9novation, o\\u00f9 en est on ? - Appel offre particulier - site pour trouver une annonce de devis ou un appel d&#039;offre\",\"isPartOf\":{\"@id\":\"http:\/\/www.appeloffreduparticulier.com\/blog\/#website\"},\"datePublished\":\"2016-04-07T09:35:17+00:00\",\"dateModified\":\"2016-03-30T07:06:16+00:00\",\"author\":{\"@id\":\"http:\/\/www.appeloffreduparticulier.com\/blog\/#\/schema\/person\/cb01eefbc9148c82df2ff84eebbe9bb0\"},\"breadcrumb\":{\"@id\":\"http:\/\/www.appeloffreduparticulier.com\/blog\/prime-a-la-renovation-ou-en-est-on\/#breadcrumb\"},\"inLanguage\":\"fr-FR\",\"potentialAction\":[{\"@type\":\"ReadAction\",\"target\":[\"http:\/\/www.appeloffreduparticulier.com\/blog\/prime-a-la-renovation-ou-en-est-on\/\"]}]},{\"@type\":\"BreadcrumbList\",\"@id\":\"http:\/\/www.appeloffreduparticulier.com\/blog\/prime-a-la-renovation-ou-en-est-on\/#breadcrumb\",\"itemListElement\":[{\"@type\":\"ListItem\",\"position\":1,\"name\":\"Accueil\",\"item\":\"http:\/\/www.appeloffreduparticulier.com\/blog\/\"},{\"@type\":\"ListItem\",\"position\":2,\"name\":\"Prime \\u00e0 la r\\u00e9novation, o\\u00f9 en est on ?\"}]},{\"@type\":\"Person\",\"@id\":\"http:\/\/www.appeloffreduparticulier.com\/blog\/#\/schema\/person\/cb01eefbc9148c82df2ff84eebbe9bb0\",\"name\":\"admin\",\"image\":{\"@type\":\"ImageObject\",\"@id\":\"http:\/\/www.appeloffreduparticulier.com\/blog\/#personlogo\",\"inLanguage\":\"fr-FR\",\"url\":\"http:\/\/1.gravatar.com\/avatar\/a62b8cfb5e12d4deb9751de28377347c?s=96&d=mm&r=g\",\"contentUrl\":\"http:\/\/1.gravatar.com\/avatar\/a62b8cfb5e12d4deb9751de28377347c?s=96&d=mm&r=g\",\"caption\":\"admin\"},\"url\":\"http:\/\/www.appeloffreduparticulier.com\/blog\/author\/admin\/\"}]}<\/script>\n<!-- \/ Yoast SEO plugin. -->","yoast_head_json":{"title":"Prime \u00e0 la r\u00e9novation, o\u00f9 en est on ? - Appel offre particulier - site pour trouver une annonce de devis ou un appel d&#039;offre","robots":{"index":"index","follow":"follow","max-snippet":"max-snippet:-1","max-image-preview":"max-image-preview:large","max-video-preview":"max-video-preview:-1"},"canonical":"http:\/\/www.appeloffreduparticulier.com\/blog\/prime-a-la-renovation-ou-en-est-on\/","og_locale":"fr_FR","og_type":"article","og_title":"Prime \u00e0 la r\u00e9novation, o\u00f9 en est on ? - Appel offre particulier - site pour trouver une annonce de devis ou un appel d&#039;offre","og_description":"Avec la Loi de Finances 2016, l\u2019Etat renforce pour cette ann\u00e9e les aides d\u00e9di\u00e9es au logement. Elle met aussi un point d\u2019honneur aux aides de l\u2019Etat dans la participation \u00e0 la r\u00e9novation des logements. Ce qui augmente au niveau des primes Le pr\u00eat \u00e0 taux z\u00e9ro (PTZ) voit sa dur\u00e9e de remboursement plus longue passant &hellip; Continuer la lecture de &laquo;&nbsp;Prime \u00e0 la r\u00e9novation, o\u00f9 en est on ?&nbsp;&raquo;","og_url":"http:\/\/www.appeloffreduparticulier.com\/blog\/prime-a-la-renovation-ou-en-est-on\/","og_site_name":"Appel offre particulier - site pour trouver une annonce de devis ou un appel d&#039;offre","article_published_time":"2016-04-07T09:35:17+00:00","article_modified_time":"2016-03-30T07:06:16+00:00","twitter_card":"summary","twitter_misc":{"\u00c9crit par":"admin","Dur\u00e9e de lecture est.":"2 minutes"},"schema":{"@context":"https:\/\/schema.org","@graph":[{"@type":"WebSite","@id":"http:\/\/www.appeloffreduparticulier.com\/blog\/#website","url":"http:\/\/www.appeloffreduparticulier.com\/blog\/","name":"Appel offre particulier - site pour trouver une annonce de devis ou un appel d&#039;offre","description":"Articles pour ne pas se tromper dans votre annonce de particulier et aussi dans vos appels d&#039;offre (travaux ou autres)","potentialAction":[{"@type":"SearchAction","target":{"@type":"EntryPoint","urlTemplate":"http:\/\/www.appeloffreduparticulier.com\/blog\/?s={search_term_string}"},"query-input":"required name=search_term_string"}],"inLanguage":"fr-FR"},{"@type":"WebPage","@id":"http:\/\/www.appeloffreduparticulier.com\/blog\/prime-a-la-renovation-ou-en-est-on\/#webpage","url":"http:\/\/www.appeloffreduparticulier.com\/blog\/prime-a-la-renovation-ou-en-est-on\/","name":"Prime \u00e0 la r\u00e9novation, o\u00f9 en est on ? - Appel offre particulier - site pour trouver une annonce de devis ou un appel d&#039;offre","isPartOf":{"@id":"http:\/\/www.appeloffreduparticulier.com\/blog\/#website"},"datePublished":"2016-04-07T09:35:17+00:00","dateModified":"2016-03-30T07:06:16+00:00","author":{"@id":"http:\/\/www.appeloffreduparticulier.com\/blog\/#\/schema\/person\/cb01eefbc9148c82df2ff84eebbe9bb0"},"breadcrumb":{"@id":"http:\/\/www.appeloffreduparticulier.com\/blog\/prime-a-la-renovation-ou-en-est-on\/#breadcrumb"},"inLanguage":"fr-FR","potentialAction":[{"@type":"ReadAction","target":["http:\/\/www.appeloffreduparticulier.com\/blog\/prime-a-la-renovation-ou-en-est-on\/"]}]},{"@type":"BreadcrumbList","@id":"http:\/\/www.appeloffreduparticulier.com\/blog\/prime-a-la-renovation-ou-en-est-on\/#breadcrumb","itemListElement":[{"@type":"ListItem","position":1,"name":"Accueil","item":"http:\/\/www.appeloffreduparticulier.com\/blog\/"},{"@type":"ListItem","position":2,"name":"Prime \u00e0 la r\u00e9novation, o\u00f9 en est on ?"}]},{"@type":"Person","@id":"http:\/\/www.appeloffreduparticulier.com\/blog\/#\/schema\/person\/cb01eefbc9148c82df2ff84eebbe9bb0","name":"admin","image":{"@type":"ImageObject","@id":"http:\/\/www.appeloffreduparticulier.com\/blog\/#personlogo","inLanguage":"fr-FR","url":"http:\/\/1.gravatar.com\/avatar\/a62b8cfb5e12d4deb9751de28377347c?s=96&d=mm&r=g","contentUrl":"http:\/\/1.gravatar.com\/avatar\/a62b8cfb5e12d4deb9751de28377347c?s=96&d=mm&r=g","caption":"admin"},"url":"http:\/\/www.appeloffreduparticulier.com\/blog\/author\/admin\/"}]}},"_links":{"self":[{"href":"http:\/\/www.appeloffreduparticulier.com\/blog\/wp-json\/wp\/v2\/posts\/54"}],"collection":[{"href":"http:\/\/www.appeloffreduparticulier.com\/blog\/wp-json\/wp\/v2\/posts"}],"about":[{"href":"http:\/\/www.appeloffreduparticulier.com\/blog\/wp-json\/wp\/v2\/types\/post"}],"author":[{"embeddable":true,"href":"http:\/\/www.appeloffreduparticulier.com\/blog\/wp-json\/wp\/v2\/users\/1"}],"replies":[{"embeddable":true,"href":"http:\/\/www.appeloffreduparticulier.com\/blog\/wp-json\/wp\/v2\/comments?post=54"}],"version-history":[{"count":2,"href":"http:\/\/www.appeloffreduparticulier.com\/blog\/wp-json\/wp\/v2\/posts\/54\/revisions"}],"predecessor-version":[{"id":60,"href":"http:\/\/www.appeloffreduparticulier.com\/blog\/wp-json\/wp\/v2\/posts\/54\/revisions\/60"}],"wp:attachment":[{"href":"http:\/\/www.appeloffreduparticulier.com\/blog\/wp-json\/wp\/v2\/media?parent=54"}],"wp:term":[{"taxonomy":"category","embeddable":true,"href":"http:\/\/www.appeloffreduparticulier.com\/blog\/wp-json\/wp\/v2\/categories?post=54"},{"taxonomy":"post_tag","embeddable":true,"href":"http:\/\/www.appeloffreduparticulier.com\/blog\/wp-json\/wp\/v2\/tags?post=54"}],"curies":[{"name":"wp","href":"https:\/\/api.w.org\/{rel}","templated":true}]}}