{"id":370,"date":"2021-10-01T13:00:00","date_gmt":"2021-10-01T12:00:00","guid":{"rendered":"http:\/\/www.appeloffreduparticulier.com\/blog\/?p=370"},"modified":"2021-10-01T06:53:39","modified_gmt":"2021-10-01T05:53:39","slug":"auto-entrepreneur-est-il-possible-de-prendre-un-stagiaire","status":"publish","type":"post","link":"https:\/\/www.appeloffreduparticulier.com\/blog\/auto-entrepreneur-est-il-possible-de-prendre-un-stagiaire\/","title":{"rendered":"Auto-entrepreneur : est-il possible de prendre un stagiaire ?"},"content":{"rendered":"\n<p>Votre <strong>auto-entreprise<\/strong> \u00e9volue si vite que vous avez besoin de main d&rsquo;\u0153uvre suppl\u00e9mentaire. Vous avez peut-\u00eatre d\u00e9j\u00e0 pens\u00e9 \u00e0 employer un stagiaire. Une option tout \u00e0 fait accessible, m\u00eame pour un <a href=\"https:\/\/www.appeloffreduparticulier.com\/inscription.php\">auto-entrepreneur<\/a>. Si vous ne le saviez pas, nous vous donnons quelques d\u00e9tails sur cette pratique si courante.<\/p>\n\n\n\n<h2>Les formalit\u00e9s \u00e0 respecter dans le recrutement d\u2019un stagiaire<\/h2>\n\n\n\n<p>La convention de stage d\u00e9signe un contrat conclu par <a href=\"https:\/\/www.appeloffreduparticulier.com\/ajouter-entreprise-appeloffre.php\">l\u2019auto-entrepreneur<\/a>, le stagiaire et son \u00e9cole. Ce document, indispensable, d\u00e9taille les modalit\u00e9s du stage, les obligations de chaque partie et doit \u00eatre valid\u00e9 avant le d\u00e9but du stage.<\/p>\n\n\n\n<p>Pour signer une convention en bonne et due forme, vous devez remplir le formulaire d\u00e9di\u00e9. L\u2019\u00e9tudiant doit ensuite y joindre la copie de son attestation de responsabilit\u00e9 civile, ainsi que la photocopie de sa carte vitale.<\/p>\n\n\n\n<p>Aussi, m\u00eame si l\u2019embauche d\u2019un <strong>stagiaire<\/strong> peut vous d\u00e9charger d\u2019une partie de vos t\u00e2ches, sachez que vous avez le devoir de le former \u00e0 des missions conformes \u00e0 son cursus et dans des conditions correctes : avec son propre espace de travail, le mat\u00e9riel adapt\u00e9 et dans le respect des normes sanitaires.<\/p>\n\n\n\n<h2>Les avantages \u00e0 l\u2019embauche d\u2019un stagiaire<\/h2>\n\n\n\n<p>Le premier gros b\u00e9n\u00e9fice dans l\u2019engagement d\u2019un stagiaire r\u00e9side dans l\u2019aspect administratif. Les formalit\u00e9s sont moins cons\u00e9quentes que pour l\u2019embauche d\u2019un salari\u00e9, vous n\u2019avez tout simplement qu\u2019\u00e0 signer la <strong>convention de stage<\/strong>.<\/p>\n\n\n\n<p>Miser sur un stagiaire est peu on\u00e9reux. Si cette p\u00e9riode n\u2019exc\u00e8de pas 2 mois, vous ne d\u00e9boursez rien. Dans le cas contraire, et si votre recrue travaille pr\u00e8s de 7 heures par jour, vous \u00eates tenus de lui verser une gratification.<\/p>\n\n\n\n<p>M\u00eame dans le second cas, le <strong>co\u00fbt d\u2019un stagiaire<\/strong> reste d\u00e9risoire, car la gratification avoisine les 3,70 de l\u2019heure et vous ne r\u00e9glez pas de charges sociales.<\/p>\n\n\n\n<p>Enfin, <strong>prendre un stagiaire<\/strong> vous fait gagner du temps. Il vous est possible de lui d\u00e9l\u00e9guer des t\u00e2ches chronophages, pour vous concentrer sur des missions plus compliqu\u00e9es, plus strat\u00e9giques, gagner de nouveaux projets ou <strong>chantiers<\/strong>.<\/p>\n\n\n\n<h2>Les inconv\u00e9nients \u00e0 l\u2019engagement d\u2019un stagiaire<\/h2>\n\n\n\n<p>Bien que des \u00e9l\u00e9ments rendent l\u2019option du stagiaire particuli\u00e8rement int\u00e9ressante, quelques d\u00e9tails, susceptibles d\u2019en g\u00eaner plus d\u2019un, m\u00e9ritent de s\u2019y attarder.<\/p>\n\n\n\n<p>Si vous allouez une <strong>gratification \u00e0 votre stagiaire<\/strong>, il n\u2019est pas possible de d\u00e9duire son montant de votre <a href=\"https:\/\/www.appeloffreduparticulier.com\/blog\/developper-chiffre-daffaire-dune-entreprise\/\">chiffre d\u2019affaires<\/a>. \u00c9galement, si vous versez \u00e0 ce dernier une somme sup\u00e9rieure au tarif l\u00e9gal (3,70 de l\u2019heure) vous devrez payer des charges sociales sur le surplus financier.<\/p>\n\n\n\n<p>Enfin, avoir recours au stage est une solution temporaire : sa dur\u00e9e ne pouvant exc\u00e9der 6 mois, cette option n\u2019est pas adapt\u00e9e pour recruter du personnel sur du long terme.<\/p>\n<div style=\"display: none;\"\n    class=\"kk-star-ratings kksr-valign-bottom kksr-align-left kksr-disabled\"\n    data-id=\"370\"\n    data-slug=\"\">\n    <div class=\"kksr-stars\">\n    <div class=\"kksr-stars-inactive\">\n            <div class=\"kksr-star\" data-star=\"1\">\n            <div class=\"kksr-icon\" style=\"width: px; height: px;\"><\/div>\n        <\/div>\n            <div class=\"kksr-star\" data-star=\"2\">\n            <div class=\"kksr-icon\" style=\"width: px; height: px;\"><\/div>\n        <\/div>\n            <div class=\"kksr-star\" data-star=\"3\">\n            <div class=\"kksr-icon\" style=\"width: px; height: px;\"><\/div>\n        <\/div>\n            <div class=\"kksr-star\" data-star=\"4\">\n            <div class=\"kksr-icon\" style=\"width: px; height: px;\"><\/div>\n        <\/div>\n            <div class=\"kksr-star\" data-star=\"5\">\n            <div class=\"kksr-icon\" style=\"width: px; height: px;\"><\/div>\n        <\/div>\n    <\/div>\n    <div class=\"kksr-stars-active\" style=\"width: 0px;\">\n            <div class=\"kksr-star\">\n            <div class=\"kksr-icon\" style=\"width: px; height: px;\"><\/div>\n        <\/div>\n            <div class=\"kksr-star\">\n            <div class=\"kksr-icon\" style=\"width: px; height: px;\"><\/div>\n        <\/div>\n            <div class=\"kksr-star\">\n            <div class=\"kksr-icon\" style=\"width: px; height: px;\"><\/div>\n        <\/div>\n            <div class=\"kksr-star\">\n            <div class=\"kksr-icon\" style=\"width: px; height: px;\"><\/div>\n        <\/div>\n            <div class=\"kksr-star\">\n            <div class=\"kksr-icon\" style=\"width: px; height: px;\"><\/div>\n        <\/div>\n    <\/div>\n<\/div>\n    <div class=\"kksr-legend\">\n            <span class=\"kksr-muted\"><\/span>\n    <\/div>\n<\/div>\n","protected":false},"excerpt":{"rendered":"<p>Votre auto-entreprise \u00e9volue si vite que vous avez besoin de main d&rsquo;\u0153uvre suppl\u00e9mentaire. Vous avez peut-\u00eatre d\u00e9j\u00e0 pens\u00e9 \u00e0 employer un stagiaire. Une option tout \u00e0 fait accessible, m\u00eame pour un auto-entrepreneur. Si vous ne le saviez pas, nous vous donnons quelques d\u00e9tails sur cette pratique si courante. Les formalit\u00e9s \u00e0 respecter dans le recrutement &hellip; <a href=\"https:\/\/www.appeloffreduparticulier.com\/blog\/auto-entrepreneur-est-il-possible-de-prendre-un-stagiaire\/\" class=\"more-link\">Continuer la lecture<span class=\"screen-reader-text\"> de &laquo;&nbsp;Auto-entrepreneur : est-il possible de prendre un stagiaire ?&nbsp;&raquo;<\/span><\/a><\/p>\n","protected":false},"author":2,"featured_media":175,"comment_status":"closed","ping_status":"closed","sticky":false,"template":"","format":"standard","meta":[],"categories":[13,12],"tags":[],"yoast_head":"<!-- This site is optimized with the Yoast SEO plugin v17.1 - https:\/\/yoast.com\/wordpress\/plugins\/seo\/ -->\n<title>Auto-entrepreneur : est-il possible de prendre un stagiaire ? - Appel offre particulier - site pour trouver une annonce de devis ou un appel d&#039;offre<\/title>\n<meta name=\"description\" content=\"Il est possible pour un auto-entrepreneur d&#039;embaucher un stagiaire pour l&#039;assister dans son activit\u00e9\" \/>\n<meta name=\"robots\" content=\"index, follow, max-snippet:-1, max-image-preview:large, max-video-preview:-1\" \/>\n<link rel=\"canonical\" href=\"http:\/\/www.appeloffreduparticulier.com\/blog\/auto-entrepreneur-est-il-possible-de-prendre-un-stagiaire\/\" \/>\n<meta property=\"og:locale\" content=\"fr_FR\" \/>\n<meta property=\"og:type\" content=\"article\" \/>\n<meta property=\"og:title\" content=\"Auto-entrepreneur : est-il possible de prendre un stagiaire ? - Appel offre particulier - site pour trouver une annonce de devis ou un appel d&#039;offre\" \/>\n<meta property=\"og:description\" content=\"Il est possible pour un auto-entrepreneur d&#039;embaucher un stagiaire pour l&#039;assister dans son activit\u00e9\" \/>\n<meta property=\"og:url\" content=\"http:\/\/www.appeloffreduparticulier.com\/blog\/auto-entrepreneur-est-il-possible-de-prendre-un-stagiaire\/\" \/>\n<meta property=\"og:site_name\" content=\"Appel offre particulier - site pour trouver une annonce de devis ou un appel d&#039;offre\" \/>\n<meta property=\"article:published_time\" content=\"2021-10-01T12:00:00+00:00\" \/>\n<meta property=\"article:modified_time\" content=\"2021-10-01T05:53:39+00:00\" \/>\n<meta property=\"og:image\" content=\"https:\/\/www.appeloffreduparticulier.com\/blog\/wp-content\/uploads\/2018\/01\/entrepreneur-1562823_640.jpg\" \/>\n\t<meta property=\"og:image:width\" content=\"640\" \/>\n\t<meta property=\"og:image:height\" content=\"423\" \/>\n<meta name=\"twitter:card\" content=\"summary\" \/>\n<meta name=\"twitter:label1\" content=\"\u00c9crit par\" \/>\n\t<meta name=\"twitter:data1\" content=\"Sandrine\" \/>\n\t<meta name=\"twitter:label2\" content=\"Dur\u00e9e de lecture est.\" \/>\n\t<meta name=\"twitter:data2\" content=\"2 minutes\" \/>\n<script type=\"application\/ld+json\" class=\"yoast-schema-graph\">{\"@context\":\"https:\/\/schema.org\",\"@graph\":[{\"@type\":\"WebSite\",\"@id\":\"https:\/\/www.appeloffreduparticulier.com\/blog\/#website\",\"url\":\"https:\/\/www.appeloffreduparticulier.com\/blog\/\",\"name\":\"Appel offre particulier - site pour trouver une annonce de devis ou un appel d&#039;offre\",\"description\":\"Articles pour ne pas se tromper dans votre annonce de particulier et aussi dans vos appels d&#039;offre (travaux ou autres)\",\"potentialAction\":[{\"@type\":\"SearchAction\",\"target\":{\"@type\":\"EntryPoint\",\"urlTemplate\":\"https:\/\/www.appeloffreduparticulier.com\/blog\/?s={search_term_string}\"},\"query-input\":\"required name=search_term_string\"}],\"inLanguage\":\"fr-FR\"},{\"@type\":\"ImageObject\",\"@id\":\"http:\/\/www.appeloffreduparticulier.com\/blog\/auto-entrepreneur-est-il-possible-de-prendre-un-stagiaire\/#primaryimage\",\"inLanguage\":\"fr-FR\",\"url\":\"https:\/\/www.appeloffreduparticulier.com\/blog\/wp-content\/uploads\/2018\/01\/entrepreneur-1562823_640.jpg\",\"contentUrl\":\"https:\/\/www.appeloffreduparticulier.com\/blog\/wp-content\/uploads\/2018\/01\/entrepreneur-1562823_640.jpg\",\"width\":640,\"height\":423},{\"@type\":\"WebPage\",\"@id\":\"http:\/\/www.appeloffreduparticulier.com\/blog\/auto-entrepreneur-est-il-possible-de-prendre-un-stagiaire\/#webpage\",\"url\":\"http:\/\/www.appeloffreduparticulier.com\/blog\/auto-entrepreneur-est-il-possible-de-prendre-un-stagiaire\/\",\"name\":\"Auto-entrepreneur : est-il possible de prendre un stagiaire ? - Appel offre particulier - site pour trouver une annonce de devis ou un appel d&#039;offre\",\"isPartOf\":{\"@id\":\"https:\/\/www.appeloffreduparticulier.com\/blog\/#website\"},\"primaryImageOfPage\":{\"@id\":\"http:\/\/www.appeloffreduparticulier.com\/blog\/auto-entrepreneur-est-il-possible-de-prendre-un-stagiaire\/#primaryimage\"},\"datePublished\":\"2021-10-01T12:00:00+00:00\",\"dateModified\":\"2021-10-01T05:53:39+00:00\",\"author\":{\"@id\":\"https:\/\/www.appeloffreduparticulier.com\/blog\/#\/schema\/person\/9221836eb9e7614689c6b49fb2faf0f6\"},\"description\":\"Il est possible pour un auto-entrepreneur d'embaucher un stagiaire pour l'assister dans son activit\\u00e9\",\"breadcrumb\":{\"@id\":\"http:\/\/www.appeloffreduparticulier.com\/blog\/auto-entrepreneur-est-il-possible-de-prendre-un-stagiaire\/#breadcrumb\"},\"inLanguage\":\"fr-FR\",\"potentialAction\":[{\"@type\":\"ReadAction\",\"target\":[\"http:\/\/www.appeloffreduparticulier.com\/blog\/auto-entrepreneur-est-il-possible-de-prendre-un-stagiaire\/\"]}]},{\"@type\":\"BreadcrumbList\",\"@id\":\"http:\/\/www.appeloffreduparticulier.com\/blog\/auto-entrepreneur-est-il-possible-de-prendre-un-stagiaire\/#breadcrumb\",\"itemListElement\":[{\"@type\":\"ListItem\",\"position\":1,\"name\":\"Accueil\",\"item\":\"https:\/\/www.appeloffreduparticulier.com\/blog\/\"},{\"@type\":\"ListItem\",\"position\":2,\"name\":\"Auto-entrepreneur : est-il possible de prendre un stagiaire ?\"}]},{\"@type\":\"Person\",\"@id\":\"https:\/\/www.appeloffreduparticulier.com\/blog\/#\/schema\/person\/9221836eb9e7614689c6b49fb2faf0f6\",\"name\":\"Sandrine\",\"image\":{\"@type\":\"ImageObject\",\"@id\":\"https:\/\/www.appeloffreduparticulier.com\/blog\/#personlogo\",\"inLanguage\":\"fr-FR\",\"url\":\"https:\/\/secure.gravatar.com\/avatar\/3e70ef1e4a58c2818016331a195ea567?s=96&d=mm&r=g\",\"contentUrl\":\"https:\/\/secure.gravatar.com\/avatar\/3e70ef1e4a58c2818016331a195ea567?s=96&d=mm&r=g\",\"caption\":\"Sandrine\"},\"url\":\"https:\/\/www.appeloffreduparticulier.com\/blog\/author\/sandrine\/\"}]}<\/script>\n<!-- \/ Yoast SEO plugin. -->","yoast_head_json":{"title":"Auto-entrepreneur : est-il possible de prendre un stagiaire ? - Appel offre particulier - site pour trouver une annonce de devis ou un appel d&#039;offre","description":"Il est possible pour un auto-entrepreneur d'embaucher un stagiaire pour l'assister dans son activit\u00e9","robots":{"index":"index","follow":"follow","max-snippet":"max-snippet:-1","max-image-preview":"max-image-preview:large","max-video-preview":"max-video-preview:-1"},"canonical":"http:\/\/www.appeloffreduparticulier.com\/blog\/auto-entrepreneur-est-il-possible-de-prendre-un-stagiaire\/","og_locale":"fr_FR","og_type":"article","og_title":"Auto-entrepreneur : est-il possible de prendre un stagiaire ? - Appel offre particulier - site pour trouver une annonce de devis ou un appel d&#039;offre","og_description":"Il est possible pour un auto-entrepreneur d'embaucher un stagiaire pour l'assister dans son activit\u00e9","og_url":"http:\/\/www.appeloffreduparticulier.com\/blog\/auto-entrepreneur-est-il-possible-de-prendre-un-stagiaire\/","og_site_name":"Appel offre particulier - site pour trouver une annonce de devis ou un appel d&#039;offre","article_published_time":"2021-10-01T12:00:00+00:00","article_modified_time":"2021-10-01T05:53:39+00:00","og_image":[{"width":640,"height":423,"url":"https:\/\/www.appeloffreduparticulier.com\/blog\/wp-content\/uploads\/2018\/01\/entrepreneur-1562823_640.jpg","path":"\/var\/www\/appeloffreduparticulier.com\/www\/blog\/wp-content\/uploads\/2018\/01\/entrepreneur-1562823_640.jpg","size":"full","id":175,"alt":"","pixels":270720,"type":"image\/jpeg"}],"twitter_card":"summary","twitter_misc":{"\u00c9crit par":"Sandrine","Dur\u00e9e de lecture est.":"2 minutes"},"schema":{"@context":"https:\/\/schema.org","@graph":[{"@type":"WebSite","@id":"https:\/\/www.appeloffreduparticulier.com\/blog\/#website","url":"https:\/\/www.appeloffreduparticulier.com\/blog\/","name":"Appel offre particulier - site pour trouver une annonce de devis ou un appel d&#039;offre","description":"Articles pour ne pas se tromper dans votre annonce de particulier et aussi dans vos appels d&#039;offre (travaux ou autres)","potentialAction":[{"@type":"SearchAction","target":{"@type":"EntryPoint","urlTemplate":"https:\/\/www.appeloffreduparticulier.com\/blog\/?s={search_term_string}"},"query-input":"required name=search_term_string"}],"inLanguage":"fr-FR"},{"@type":"ImageObject","@id":"http:\/\/www.appeloffreduparticulier.com\/blog\/auto-entrepreneur-est-il-possible-de-prendre-un-stagiaire\/#primaryimage","inLanguage":"fr-FR","url":"https:\/\/www.appeloffreduparticulier.com\/blog\/wp-content\/uploads\/2018\/01\/entrepreneur-1562823_640.jpg","contentUrl":"https:\/\/www.appeloffreduparticulier.com\/blog\/wp-content\/uploads\/2018\/01\/entrepreneur-1562823_640.jpg","width":640,"height":423},{"@type":"WebPage","@id":"http:\/\/www.appeloffreduparticulier.com\/blog\/auto-entrepreneur-est-il-possible-de-prendre-un-stagiaire\/#webpage","url":"http:\/\/www.appeloffreduparticulier.com\/blog\/auto-entrepreneur-est-il-possible-de-prendre-un-stagiaire\/","name":"Auto-entrepreneur : est-il possible de prendre un stagiaire ? - Appel offre particulier - site pour trouver une annonce de devis ou un appel d&#039;offre","isPartOf":{"@id":"https:\/\/www.appeloffreduparticulier.com\/blog\/#website"},"primaryImageOfPage":{"@id":"http:\/\/www.appeloffreduparticulier.com\/blog\/auto-entrepreneur-est-il-possible-de-prendre-un-stagiaire\/#primaryimage"},"datePublished":"2021-10-01T12:00:00+00:00","dateModified":"2021-10-01T05:53:39+00:00","author":{"@id":"https:\/\/www.appeloffreduparticulier.com\/blog\/#\/schema\/person\/9221836eb9e7614689c6b49fb2faf0f6"},"description":"Il est possible pour un auto-entrepreneur d'embaucher un stagiaire pour l'assister dans son activit\u00e9","breadcrumb":{"@id":"http:\/\/www.appeloffreduparticulier.com\/blog\/auto-entrepreneur-est-il-possible-de-prendre-un-stagiaire\/#breadcrumb"},"inLanguage":"fr-FR","potentialAction":[{"@type":"ReadAction","target":["http:\/\/www.appeloffreduparticulier.com\/blog\/auto-entrepreneur-est-il-possible-de-prendre-un-stagiaire\/"]}]},{"@type":"BreadcrumbList","@id":"http:\/\/www.appeloffreduparticulier.com\/blog\/auto-entrepreneur-est-il-possible-de-prendre-un-stagiaire\/#breadcrumb","itemListElement":[{"@type":"ListItem","position":1,"name":"Accueil","item":"https:\/\/www.appeloffreduparticulier.com\/blog\/"},{"@type":"ListItem","position":2,"name":"Auto-entrepreneur : est-il possible de prendre un stagiaire ?"}]},{"@type":"Person","@id":"https:\/\/www.appeloffreduparticulier.com\/blog\/#\/schema\/person\/9221836eb9e7614689c6b49fb2faf0f6","name":"Sandrine","image":{"@type":"ImageObject","@id":"https:\/\/www.appeloffreduparticulier.com\/blog\/#personlogo","inLanguage":"fr-FR","url":"https:\/\/secure.gravatar.com\/avatar\/3e70ef1e4a58c2818016331a195ea567?s=96&d=mm&r=g","contentUrl":"https:\/\/secure.gravatar.com\/avatar\/3e70ef1e4a58c2818016331a195ea567?s=96&d=mm&r=g","caption":"Sandrine"},"url":"https:\/\/www.appeloffreduparticulier.com\/blog\/author\/sandrine\/"}]}},"_links":{"self":[{"href":"https:\/\/www.appeloffreduparticulier.com\/blog\/wp-json\/wp\/v2\/posts\/370"}],"collection":[{"href":"https:\/\/www.appeloffreduparticulier.com\/blog\/wp-json\/wp\/v2\/posts"}],"about":[{"href":"https:\/\/www.appeloffreduparticulier.com\/blog\/wp-json\/wp\/v2\/types\/post"}],"author":[{"embeddable":true,"href":"https:\/\/www.appeloffreduparticulier.com\/blog\/wp-json\/wp\/v2\/users\/2"}],"replies":[{"embeddable":true,"href":"https:\/\/www.appeloffreduparticulier.com\/blog\/wp-json\/wp\/v2\/comments?post=370"}],"version-history":[{"count":1,"href":"https:\/\/www.appeloffreduparticulier.com\/blog\/wp-json\/wp\/v2\/posts\/370\/revisions"}],"predecessor-version":[{"id":371,"href":"https:\/\/www.appeloffreduparticulier.com\/blog\/wp-json\/wp\/v2\/posts\/370\/revisions\/371"}],"wp:featuredmedia":[{"embeddable":true,"href":"https:\/\/www.appeloffreduparticulier.com\/blog\/wp-json\/wp\/v2\/media\/175"}],"wp:attachment":[{"href":"https:\/\/www.appeloffreduparticulier.com\/blog\/wp-json\/wp\/v2\/media?parent=370"}],"wp:term":[{"taxonomy":"category","embeddable":true,"href":"https:\/\/www.appeloffreduparticulier.com\/blog\/wp-json\/wp\/v2\/categories?post=370"},{"taxonomy":"post_tag","embeddable":true,"href":"https:\/\/www.appeloffreduparticulier.com\/blog\/wp-json\/wp\/v2\/tags?post=370"}],"curies":[{"name":"wp","href":"https:\/\/api.w.org\/{rel}","templated":true}]}}