{"id":413,"date":"2022-07-21T12:00:00","date_gmt":"2022-07-21T11:00:00","guid":{"rendered":"http:\/\/www.appeloffreduparticulier.com\/blog\/?p=413"},"modified":"2022-07-21T06:33:52","modified_gmt":"2022-07-21T05:33:52","slug":"comment-lancer-son-activite-d-auto-entrepreneur-en-multi-service","status":"publish","type":"post","link":"https:\/\/www.appeloffreduparticulier.com\/blog\/comment-lancer-son-activite-d-auto-entrepreneur-en-multi-service\/","title":{"rendered":"Guide pour lancer son activit\u00e9 d\u2019auto-entrepreneur en multi-service"},"content":{"rendered":"\n<p>Vous souhaitez lancer votre activit\u00e9 en tant qu\u2019<strong>auto-entrepreneur en multi-service<\/strong>\u00a0? Vous \u00eates au bon endroit. D\u00e9couvrez quelles sont les\u00a0<strong>d\u00e9marches \u00e0 effectuer,<\/strong>\u00a0mais aussi ce qu\u2019il faut savoir pour faire correctement les choses et commencer votre nouvelle activit\u00e9 du bon pied.<\/p>\n\n\n\n<h2>D\u00e9marches pour lancer son activit\u00e9 d\u2019auto-entrepreneur en multi-service<\/h2>\n\n\n\n<p>Pour\u00a0<strong>cr\u00e9er votre soci\u00e9t\u00e9 en multi-service<\/strong>, vous devez vous adresser \u00e0 la chambre des m\u00e9tiers et de l\u2019artisanat. Vous serez inscrit au r\u00e9pertoire des m\u00e9tiers.<br>Pour la <a href=\"https:\/\/www.appeloffreduparticulier.com\/\">cr\u00e9ation de votre auto<strong>&#8211;<\/strong>entreprise<\/a> vous devez compl\u00e9ter le formulaire Cerfa P0CM Micro-entrepreneur, et fournir les justificatifs demand\u00e9s. (une copie de votre carte d\u2019identit\u00e9, un justificatif r\u00e9cent de domicile, etc.)<br>Nous vous recommandons d\u2019effectuer les d\u00e9marches en ligne sur CFE-Metiers.com pour la cr\u00e9ation de votre auto-entreprise. C\u2019est simple et rapide.<br>D\u00e8s que votre dossier est transmis \u00e0 votre CFE, vous recevrez votre num\u00e9ro de SIRET sous 2 \u00e0 6 semaines.<\/p>\n\n\n\n<p>Pensez \u00e0 faire votre&nbsp;<strong>demande d\u2019ACRE<\/strong>&nbsp;dans le mois suivant votre demande d\u2019immatriculation. Elle est accord\u00e9e sous conditions, mais est accessible dans la majorit\u00e9 des cas.<br>L\u2019acre est une aide destin\u00e9e aux cr\u00e9ateurs ou repreneurs d\u2019entreprises. Elle permet de b\u00e9n\u00e9ficier d\u2019un taux r\u00e9duit sur vos cotisations sociales, le cas \u00e9ch\u00e9ant, vous serez tax\u00e9 \u00e0 hauteur de 11 % au lieu de 22 %.<\/p>\n\n\n\n<h2>Bon \u00e0 savoir avant de se lancer \u00e0 son compte dans le multi-service<\/h2>\n\n\n\n<p>Il y a certaines petites informations que vous devez conna\u00eetre lorsque vous vous<strong>\u00a0<\/strong><a href=\"https:\/\/www.appeloffreduparticulier.com\/blog\/un-nouveau-site-dedie-a-l-information-des-auto-entrepreneurs\/\" rel=\"nofollow\">lancez \u00e0 votre compte en tant que\u00a0micro-entrepreneur<\/a><strong>\u00a0en multi-services.<\/strong><\/p>\n\n\n\n<p>1- Tout d\u2019abord, pensez \u00e0 une assurance responsabilit\u00e9 civile professionnelle. Bien que facultative, elle peut s\u2019av\u00e9rer utile ; personne n\u2019est \u00e0 l\u2019abri d\u2019un accident, mieux vaut \u00eatre couvert&nbsp;en cas de dommage caus\u00e9&nbsp;\u00e0 vos clients.<\/p>\n\n\n\n<p>2- Toujours dans le domaine de l\u2019assurance, il peut \u00eatre ing\u00e9nieux de souscrire \u00e0 une assurance pr\u00e9voyance sant\u00e9 afin de toucher des revenus en cas d\u2019incapacit\u00e9 temporaire, voire m\u00eame permanente dans le pire des cas.<\/p>\n\n\n\n<p>3- Le&nbsp;<strong>r\u00e9gime de&nbsp;micro-entrepreneur<\/strong>&nbsp;est soumis \u00e0 un plafond de CA annuel de 72 600 \u20ac, au-dessus, vous devrez changer de statut.<\/p>\n\n\n\n<p>4- Si les&nbsp;<strong>services<\/strong>&nbsp;que vous proposez \u00e0 vos clients correspondent aux activit\u00e9s compatibles avec celles d\u2019un organisme de&nbsp;<strong>services \u00e0 la personne<\/strong>, n\u2019h\u00e9sitez pas \u00e0 en demander le statut. Ceci n\u2019est qu\u2019un conseil, nullement une obligation. En proc\u00e9dant ainsi, vous pourrez faire b\u00e9n\u00e9ficier d\u2019avantages fiscaux \u00e0 vos clients, voire m\u00eame vous faire payer en ch\u00e8ques CESU pr\u00e9financ\u00e9s apr\u00e8s vous \u00eatre inscrit au&nbsp;CRCESU.Imp\u00f4ts<\/p>\n\n\n\n<h2>et taxes du&nbsp;micro-entrepreneur<\/h2>\n\n\n\n<p>Au moment de la&nbsp;<strong>cr\u00e9ation de votre&nbsp;micro-entreprise<\/strong>, il vous sera demand\u00e9 si vous souhaitez payer directement votre imp\u00f4t sur le revenu. Le premier r\u00e9flexe est de choisir cette option pour \u00eatre tranquille et ne pas avoir \u00e0 payer une grosse somme d\u2019un coup. Toutefois, si vous pensez ne pas \u00eatre imposable, ne le faites pas. Les sommes que vous auriez vers\u00e9es durant votre ann\u00e9e d\u2019activit\u00e9 ne vous seraient pas rembours\u00e9es.<\/p>\n\n\n\n<p>Il existe&nbsp;d&rsquo;autres&nbsp;taxes comme :<\/p>\n\n\n\n<ul><li>la contribution \u00e0 la formation (CFP) de l&rsquo;ordre de 0,3 % de votre chiffre d\u2019affaires,<\/li><li>la taxe additionnelle \u00e0 la cotisation fonci\u00e8re des entreprises (TFCC),<\/li><li>la cotisation fonci\u00e8re des entreprises (CFE) qui est due par toutes les entreprises d\u00e8s la deuxi\u00e8me ann\u00e9e d\u2019activit\u00e9 si le CA d\u00e9passe 5 000 \u20ac. Elle varie d\u2019une ville \u00e0 l\u2019autre et est g\u00e9n\u00e9ralement comprise entre 200 et 600 \u20ac.<\/li><\/ul>\n\n\n\n<p>Pensez \u00e0 vous cr\u00e9er un compte professionnel sur impots.gouv, vous aurez moins de chance d\u2019oublier de payer votre cotisation fonci\u00e8re.<\/p>\n\n\n\n<p>Une fois ces d\u00e9marches effectu\u00e9es, il n\u2019y a plus qu&rsquo;\u00e0\u00a0<strong>d\u00e9velopper votre activit\u00e9<\/strong>\u00a0et votre portefeuille clients. Soyez organis\u00e9, consciencieux et motiv\u00e9. Les d\u00e9buts en tant que<a href=\"https:\/\/www.appeloffreduparticulier.com\/inscription.php\">\u00a0micro-entrepreneur<\/a><strong>\u00a0dans le multi-service<\/strong>\u00a0peuvent parfois \u00eatre difficiles, mais cela vaut le coup de s\u2019accrocher.<\/p>\n<div style=\"display: none;\"\n    class=\"kk-star-ratings kksr-valign-bottom kksr-align-left kksr-disabled\"\n    data-id=\"413\"\n    data-slug=\"\">\n    <div class=\"kksr-stars\">\n    <div class=\"kksr-stars-inactive\">\n            <div class=\"kksr-star\" data-star=\"1\">\n            <div class=\"kksr-icon\" style=\"width: px; height: px;\"><\/div>\n        <\/div>\n            <div class=\"kksr-star\" data-star=\"2\">\n            <div class=\"kksr-icon\" style=\"width: px; height: px;\"><\/div>\n        <\/div>\n            <div class=\"kksr-star\" data-star=\"3\">\n            <div class=\"kksr-icon\" style=\"width: px; height: px;\"><\/div>\n        <\/div>\n            <div class=\"kksr-star\" data-star=\"4\">\n            <div class=\"kksr-icon\" style=\"width: px; height: px;\"><\/div>\n        <\/div>\n            <div class=\"kksr-star\" data-star=\"5\">\n            <div class=\"kksr-icon\" style=\"width: px; height: px;\"><\/div>\n        <\/div>\n    <\/div>\n    <div class=\"kksr-stars-active\" style=\"width: 0px;\">\n            <div class=\"kksr-star\">\n            <div class=\"kksr-icon\" style=\"width: px; height: px;\"><\/div>\n        <\/div>\n            <div class=\"kksr-star\">\n            <div class=\"kksr-icon\" style=\"width: px; height: px;\"><\/div>\n        <\/div>\n            <div class=\"kksr-star\">\n            <div class=\"kksr-icon\" style=\"width: px; height: px;\"><\/div>\n        <\/div>\n            <div class=\"kksr-star\">\n            <div class=\"kksr-icon\" style=\"width: px; height: px;\"><\/div>\n        <\/div>\n            <div class=\"kksr-star\">\n            <div class=\"kksr-icon\" style=\"width: px; height: px;\"><\/div>\n        <\/div>\n    <\/div>\n<\/div>\n    <div class=\"kksr-legend\">\n            <span class=\"kksr-muted\"><\/span>\n    <\/div>\n<\/div>\n","protected":false},"excerpt":{"rendered":"<p>Vous souhaitez lancer votre activit\u00e9 en tant qu\u2019auto-entrepreneur en multi-service\u00a0? Vous \u00eates au bon endroit. D\u00e9couvrez quelles sont les\u00a0d\u00e9marches \u00e0 effectuer,\u00a0mais aussi ce qu\u2019il faut savoir pour faire correctement les choses et commencer votre nouvelle activit\u00e9 du bon pied. D\u00e9marches pour lancer son activit\u00e9 d\u2019auto-entrepreneur en multi-service Pour\u00a0cr\u00e9er votre soci\u00e9t\u00e9 en multi-service, vous devez vous &hellip; <a href=\"https:\/\/www.appeloffreduparticulier.com\/blog\/comment-lancer-son-activite-d-auto-entrepreneur-en-multi-service\/\" class=\"more-link\">Continuer la lecture<span class=\"screen-reader-text\"> de &laquo;&nbsp;Guide pour lancer son activit\u00e9 d\u2019auto-entrepreneur en multi-service&nbsp;&raquo;<\/span><\/a><\/p>\n","protected":false},"author":2,"featured_media":414,"comment_status":"closed","ping_status":"closed","sticky":false,"template":"","format":"standard","meta":[],"categories":[13,12],"tags":[],"yoast_head":"<!-- This site is optimized with the Yoast SEO plugin v17.1 - https:\/\/yoast.com\/wordpress\/plugins\/seo\/ -->\n<title>Comment lancer son activit\u00e9 d\u2019auto-entrepreneur en multi-service<\/title>\n<meta name=\"description\" content=\"Vous souhaitez lancer votre activit\u00e9 en tant qu\u2019auto-entrepreneur en multi-service ? Vous \u00eates au bon endroit.\" \/>\n<meta name=\"robots\" content=\"index, follow, max-snippet:-1, max-image-preview:large, max-video-preview:-1\" \/>\n<link rel=\"canonical\" href=\"https:\/\/www.appeloffreduparticulier.com\/blog\/comment-lancer-son-activite-d-auto-entrepreneur-en-multi-service\/\" \/>\n<meta property=\"og:locale\" content=\"fr_FR\" \/>\n<meta property=\"og:type\" content=\"article\" \/>\n<meta property=\"og:title\" content=\"Comment lancer son activit\u00e9 d\u2019auto-entrepreneur en multi-service\" \/>\n<meta property=\"og:description\" content=\"Vous souhaitez lancer votre activit\u00e9 en tant qu\u2019auto-entrepreneur en multi-service ? Vous \u00eates au bon endroit.\" \/>\n<meta property=\"og:url\" content=\"https:\/\/www.appeloffreduparticulier.com\/blog\/comment-lancer-son-activite-d-auto-entrepreneur-en-multi-service\/\" \/>\n<meta property=\"og:site_name\" content=\"Appel offre particulier - site pour trouver une annonce de devis ou un appel d&#039;offre\" \/>\n<meta property=\"article:published_time\" content=\"2022-07-21T11:00:00+00:00\" \/>\n<meta property=\"article:modified_time\" content=\"2022-07-21T05:33:52+00:00\" \/>\n<meta property=\"og:image\" content=\"http:\/\/www.appeloffreduparticulier.com\/blog\/wp-content\/uploads\/2022\/07\/mark-g21e72f0be_1280.jpg\" \/>\n\t<meta property=\"og:image:width\" content=\"1280\" \/>\n\t<meta property=\"og:image:height\" content=\"905\" \/>\n<meta name=\"twitter:card\" content=\"summary\" \/>\n<meta name=\"twitter:label1\" content=\"\u00c9crit par\" \/>\n\t<meta name=\"twitter:data1\" content=\"Sandrine\" \/>\n\t<meta name=\"twitter:label2\" content=\"Dur\u00e9e de lecture est.\" \/>\n\t<meta name=\"twitter:data2\" content=\"3 minutes\" \/>\n<script type=\"application\/ld+json\" class=\"yoast-schema-graph\">{\"@context\":\"https:\/\/schema.org\",\"@graph\":[{\"@type\":\"WebSite\",\"@id\":\"https:\/\/www.appeloffreduparticulier.com\/blog\/#website\",\"url\":\"https:\/\/www.appeloffreduparticulier.com\/blog\/\",\"name\":\"Appel offre particulier - site pour trouver une annonce de devis ou un appel d&#039;offre\",\"description\":\"Articles pour ne pas se tromper dans votre annonce de particulier et aussi dans vos appels d&#039;offre (travaux ou autres)\",\"potentialAction\":[{\"@type\":\"SearchAction\",\"target\":{\"@type\":\"EntryPoint\",\"urlTemplate\":\"https:\/\/www.appeloffreduparticulier.com\/blog\/?s={search_term_string}\"},\"query-input\":\"required name=search_term_string\"}],\"inLanguage\":\"fr-FR\"},{\"@type\":\"ImageObject\",\"@id\":\"https:\/\/www.appeloffreduparticulier.com\/blog\/comment-lancer-son-activite-d-auto-entrepreneur-en-multi-service\/#primaryimage\",\"inLanguage\":\"fr-FR\",\"url\":\"https:\/\/www.appeloffreduparticulier.com\/blog\/wp-content\/uploads\/2022\/07\/mark-g21e72f0be_1280.jpg\",\"contentUrl\":\"https:\/\/www.appeloffreduparticulier.com\/blog\/wp-content\/uploads\/2022\/07\/mark-g21e72f0be_1280.jpg\",\"width\":1280,\"height\":905},{\"@type\":\"WebPage\",\"@id\":\"https:\/\/www.appeloffreduparticulier.com\/blog\/comment-lancer-son-activite-d-auto-entrepreneur-en-multi-service\/#webpage\",\"url\":\"https:\/\/www.appeloffreduparticulier.com\/blog\/comment-lancer-son-activite-d-auto-entrepreneur-en-multi-service\/\",\"name\":\"Comment lancer son activit\\u00e9 d\\u2019auto-entrepreneur en multi-service\",\"isPartOf\":{\"@id\":\"https:\/\/www.appeloffreduparticulier.com\/blog\/#website\"},\"primaryImageOfPage\":{\"@id\":\"https:\/\/www.appeloffreduparticulier.com\/blog\/comment-lancer-son-activite-d-auto-entrepreneur-en-multi-service\/#primaryimage\"},\"datePublished\":\"2022-07-21T11:00:00+00:00\",\"dateModified\":\"2022-07-21T05:33:52+00:00\",\"author\":{\"@id\":\"https:\/\/www.appeloffreduparticulier.com\/blog\/#\/schema\/person\/9221836eb9e7614689c6b49fb2faf0f6\"},\"description\":\"Vous souhaitez lancer votre activit\\u00e9 en tant qu\\u2019auto-entrepreneur en multi-service ? Vous \\u00eates au bon endroit.\",\"breadcrumb\":{\"@id\":\"https:\/\/www.appeloffreduparticulier.com\/blog\/comment-lancer-son-activite-d-auto-entrepreneur-en-multi-service\/#breadcrumb\"},\"inLanguage\":\"fr-FR\",\"potentialAction\":[{\"@type\":\"ReadAction\",\"target\":[\"https:\/\/www.appeloffreduparticulier.com\/blog\/comment-lancer-son-activite-d-auto-entrepreneur-en-multi-service\/\"]}]},{\"@type\":\"BreadcrumbList\",\"@id\":\"https:\/\/www.appeloffreduparticulier.com\/blog\/comment-lancer-son-activite-d-auto-entrepreneur-en-multi-service\/#breadcrumb\",\"itemListElement\":[{\"@type\":\"ListItem\",\"position\":1,\"name\":\"Accueil\",\"item\":\"https:\/\/www.appeloffreduparticulier.com\/blog\/\"},{\"@type\":\"ListItem\",\"position\":2,\"name\":\"Guide pour lancer son activit\\u00e9 d\\u2019auto-entrepreneur en multi-service\"}]},{\"@type\":\"Person\",\"@id\":\"https:\/\/www.appeloffreduparticulier.com\/blog\/#\/schema\/person\/9221836eb9e7614689c6b49fb2faf0f6\",\"name\":\"Sandrine\",\"image\":{\"@type\":\"ImageObject\",\"@id\":\"https:\/\/www.appeloffreduparticulier.com\/blog\/#personlogo\",\"inLanguage\":\"fr-FR\",\"url\":\"https:\/\/secure.gravatar.com\/avatar\/3e70ef1e4a58c2818016331a195ea567?s=96&d=mm&r=g\",\"contentUrl\":\"https:\/\/secure.gravatar.com\/avatar\/3e70ef1e4a58c2818016331a195ea567?s=96&d=mm&r=g\",\"caption\":\"Sandrine\"},\"url\":\"https:\/\/www.appeloffreduparticulier.com\/blog\/author\/sandrine\/\"}]}<\/script>\n<!-- \/ Yoast SEO plugin. -->","yoast_head_json":{"title":"Comment lancer son activit\u00e9 d\u2019auto-entrepreneur en multi-service","description":"Vous souhaitez lancer votre activit\u00e9 en tant qu\u2019auto-entrepreneur en multi-service ? Vous \u00eates au bon endroit.","robots":{"index":"index","follow":"follow","max-snippet":"max-snippet:-1","max-image-preview":"max-image-preview:large","max-video-preview":"max-video-preview:-1"},"canonical":"https:\/\/www.appeloffreduparticulier.com\/blog\/comment-lancer-son-activite-d-auto-entrepreneur-en-multi-service\/","og_locale":"fr_FR","og_type":"article","og_title":"Comment lancer son activit\u00e9 d\u2019auto-entrepreneur en multi-service","og_description":"Vous souhaitez lancer votre activit\u00e9 en tant qu\u2019auto-entrepreneur en multi-service ? Vous \u00eates au bon endroit.","og_url":"https:\/\/www.appeloffreduparticulier.com\/blog\/comment-lancer-son-activite-d-auto-entrepreneur-en-multi-service\/","og_site_name":"Appel offre particulier - site pour trouver une annonce de devis ou un appel d&#039;offre","article_published_time":"2022-07-21T11:00:00+00:00","article_modified_time":"2022-07-21T05:33:52+00:00","og_image":[{"width":1280,"height":905,"url":"http:\/\/www.appeloffreduparticulier.com\/blog\/wp-content\/uploads\/2022\/07\/mark-g21e72f0be_1280.jpg","path":"\/var\/www\/appeloffreduparticulier.com\/www\/blog\/wp-content\/uploads\/2022\/07\/mark-g21e72f0be_1280.jpg","size":"full","id":414,"alt":"","pixels":1158400,"type":"image\/jpeg"}],"twitter_card":"summary","twitter_misc":{"\u00c9crit par":"Sandrine","Dur\u00e9e de lecture est.":"3 minutes"},"schema":{"@context":"https:\/\/schema.org","@graph":[{"@type":"WebSite","@id":"https:\/\/www.appeloffreduparticulier.com\/blog\/#website","url":"https:\/\/www.appeloffreduparticulier.com\/blog\/","name":"Appel offre particulier - site pour trouver une annonce de devis ou un appel d&#039;offre","description":"Articles pour ne pas se tromper dans votre annonce de particulier et aussi dans vos appels d&#039;offre (travaux ou autres)","potentialAction":[{"@type":"SearchAction","target":{"@type":"EntryPoint","urlTemplate":"https:\/\/www.appeloffreduparticulier.com\/blog\/?s={search_term_string}"},"query-input":"required name=search_term_string"}],"inLanguage":"fr-FR"},{"@type":"ImageObject","@id":"https:\/\/www.appeloffreduparticulier.com\/blog\/comment-lancer-son-activite-d-auto-entrepreneur-en-multi-service\/#primaryimage","inLanguage":"fr-FR","url":"https:\/\/www.appeloffreduparticulier.com\/blog\/wp-content\/uploads\/2022\/07\/mark-g21e72f0be_1280.jpg","contentUrl":"https:\/\/www.appeloffreduparticulier.com\/blog\/wp-content\/uploads\/2022\/07\/mark-g21e72f0be_1280.jpg","width":1280,"height":905},{"@type":"WebPage","@id":"https:\/\/www.appeloffreduparticulier.com\/blog\/comment-lancer-son-activite-d-auto-entrepreneur-en-multi-service\/#webpage","url":"https:\/\/www.appeloffreduparticulier.com\/blog\/comment-lancer-son-activite-d-auto-entrepreneur-en-multi-service\/","name":"Comment lancer son activit\u00e9 d\u2019auto-entrepreneur en multi-service","isPartOf":{"@id":"https:\/\/www.appeloffreduparticulier.com\/blog\/#website"},"primaryImageOfPage":{"@id":"https:\/\/www.appeloffreduparticulier.com\/blog\/comment-lancer-son-activite-d-auto-entrepreneur-en-multi-service\/#primaryimage"},"datePublished":"2022-07-21T11:00:00+00:00","dateModified":"2022-07-21T05:33:52+00:00","author":{"@id":"https:\/\/www.appeloffreduparticulier.com\/blog\/#\/schema\/person\/9221836eb9e7614689c6b49fb2faf0f6"},"description":"Vous souhaitez lancer votre activit\u00e9 en tant qu\u2019auto-entrepreneur en multi-service ? Vous \u00eates au bon endroit.","breadcrumb":{"@id":"https:\/\/www.appeloffreduparticulier.com\/blog\/comment-lancer-son-activite-d-auto-entrepreneur-en-multi-service\/#breadcrumb"},"inLanguage":"fr-FR","potentialAction":[{"@type":"ReadAction","target":["https:\/\/www.appeloffreduparticulier.com\/blog\/comment-lancer-son-activite-d-auto-entrepreneur-en-multi-service\/"]}]},{"@type":"BreadcrumbList","@id":"https:\/\/www.appeloffreduparticulier.com\/blog\/comment-lancer-son-activite-d-auto-entrepreneur-en-multi-service\/#breadcrumb","itemListElement":[{"@type":"ListItem","position":1,"name":"Accueil","item":"https:\/\/www.appeloffreduparticulier.com\/blog\/"},{"@type":"ListItem","position":2,"name":"Guide pour lancer son activit\u00e9 d\u2019auto-entrepreneur en multi-service"}]},{"@type":"Person","@id":"https:\/\/www.appeloffreduparticulier.com\/blog\/#\/schema\/person\/9221836eb9e7614689c6b49fb2faf0f6","name":"Sandrine","image":{"@type":"ImageObject","@id":"https:\/\/www.appeloffreduparticulier.com\/blog\/#personlogo","inLanguage":"fr-FR","url":"https:\/\/secure.gravatar.com\/avatar\/3e70ef1e4a58c2818016331a195ea567?s=96&d=mm&r=g","contentUrl":"https:\/\/secure.gravatar.com\/avatar\/3e70ef1e4a58c2818016331a195ea567?s=96&d=mm&r=g","caption":"Sandrine"},"url":"https:\/\/www.appeloffreduparticulier.com\/blog\/author\/sandrine\/"}]}},"_links":{"self":[{"href":"https:\/\/www.appeloffreduparticulier.com\/blog\/wp-json\/wp\/v2\/posts\/413"}],"collection":[{"href":"https:\/\/www.appeloffreduparticulier.com\/blog\/wp-json\/wp\/v2\/posts"}],"about":[{"href":"https:\/\/www.appeloffreduparticulier.com\/blog\/wp-json\/wp\/v2\/types\/post"}],"author":[{"embeddable":true,"href":"https:\/\/www.appeloffreduparticulier.com\/blog\/wp-json\/wp\/v2\/users\/2"}],"replies":[{"embeddable":true,"href":"https:\/\/www.appeloffreduparticulier.com\/blog\/wp-json\/wp\/v2\/comments?post=413"}],"version-history":[{"count":1,"href":"https:\/\/www.appeloffreduparticulier.com\/blog\/wp-json\/wp\/v2\/posts\/413\/revisions"}],"predecessor-version":[{"id":415,"href":"https:\/\/www.appeloffreduparticulier.com\/blog\/wp-json\/wp\/v2\/posts\/413\/revisions\/415"}],"wp:featuredmedia":[{"embeddable":true,"href":"https:\/\/www.appeloffreduparticulier.com\/blog\/wp-json\/wp\/v2\/media\/414"}],"wp:attachment":[{"href":"https:\/\/www.appeloffreduparticulier.com\/blog\/wp-json\/wp\/v2\/media?parent=413"}],"wp:term":[{"taxonomy":"category","embeddable":true,"href":"https:\/\/www.appeloffreduparticulier.com\/blog\/wp-json\/wp\/v2\/categories?post=413"},{"taxonomy":"post_tag","embeddable":true,"href":"https:\/\/www.appeloffreduparticulier.com\/blog\/wp-json\/wp\/v2\/tags?post=413"}],"curies":[{"name":"wp","href":"https:\/\/api.w.org\/{rel}","templated":true}]}}