{"id":417,"date":"2022-09-21T12:33:55","date_gmt":"2022-09-21T11:33:55","guid":{"rendered":"http:\/\/www.appeloffreduparticulier.com\/blog\/?p=417"},"modified":"2022-09-21T12:33:57","modified_gmt":"2022-09-21T11:33:57","slug":"creer-un-logo-pour-son-auto-entreprise","status":"publish","type":"post","link":"https:\/\/www.appeloffreduparticulier.com\/blog\/creer-un-logo-pour-son-auto-entreprise\/","title":{"rendered":"Cr\u00e9er un logo unique pour son auto-entreprise : nos 6 conseils pour r\u00e9ussir"},"content":{"rendered":"\n<p>Vous n\u2019avez pas le budget n\u00e9cessaire pour faire <a href=\"https:\/\/www.appeloffreduparticulier.com\/ajouter-entreprise-appeloffre.php\" rel=\"nofollow\">appel \u00e0 un professionnel<\/a> afin de r\u00e9aliser votre logo ? N&rsquo;ayez crainte ! Il vous est possible de concevoir le symbole repr\u00e9sentatif de votre activit\u00e9 vous-m\u00eame.<br>D\u00e9couvrez nos 6 conseils principaux pour cr\u00e9er un <strong>logo unique<\/strong> pour votre auto-entreprise !<\/p>\n\n\n\n<h2>1. Des outils de cr\u00e9ation pour cr\u00e9er le logo de votre auto-entreprise<\/h2>\n\n\n\n<p>Diff\u00e9rents outils en ligne peuvent vous aider \u00e0 cr\u00e9er un logo pour votre <a href=\"https:\/\/www.appeloffreduparticulier.com\/\">auto-entreprise<\/a>, gr\u00e2ce aux nombreux templates qui vous sont propos\u00e9s sur ces applications. Certains sont enti\u00e8rement gratuits tels que freeLogDesign, qui est uniquement d\u00e9di\u00e9 aux <strong>logos<\/strong>. Et d\u2019autres ont des versions gratuites qui sont d\u00e9j\u00e0 excellentes, mais aussi des versions payantes avec plus de mod\u00e8les et de fonctionnalit\u00e9s comme Canva et Adobe Express.<\/p>\n\n\n\n<p>Vous pourrez donc, tout simplement vous amuser \u00e0 personnaliser votre <a href=\"https:\/\/www.appeloffreduparticulier.com\/inscription.php\" rel=\"nofollow\">repr\u00e9sentation professionnelle<\/a> imag\u00e9e comme bon vous semble sur divers et vari\u00e9s templates existants.<\/p>\n\n\n\n<h2>2. Un logo qui reste facilement dans la m\u00e9moire<\/h2>\n\n\n\n<p>R\u00e9fl\u00e9chissez \u00e0 un logo qui peut facilement rester grav\u00e9 dans les m\u00e9moires. Un logo qui sera simple, mais qui saura se d\u00e9marquer de la concurrence. Faire minimaliste et original insuffle de la modernit\u00e9 \u00e0 votre soci\u00e9t\u00e9 et attire ainsi plus de clients gr\u00e2ce \u00e0 la confiance et \u00e0 la r\u00e9activit\u00e9 qu&rsquo;elle renvoie.<\/p>\n\n\n\n<p>Faites en sorte que votre logo repr\u00e9sente bien l&rsquo;<strong>objectif de votre activit\u00e9<\/strong>. Il faudrait que l&rsquo;on puisse identifier celle-ci en un coup d&rsquo;oeil.<\/p>\n\n\n\n<h2>3. Des couleurs pleines de sens<\/h2>\n\n\n\n<p>Savez-vous que les grandes entreprises n&rsquo;ont pas choisi les couleurs de leur logo au hasard ? Ni par simple d\u00e9sir ou par humeur du moment. Et g\u00e9n\u00e9ralement, ni par tendance.<\/p>\n\n\n\n<p>Les couleurs poss\u00e8dent chacune une signification communicante. Partez \u00e0 la recherche de leurs sens, et en fonction de ce que votre entreprise propose, choisissez celles qui expriment le mieux les qualit\u00e9s de votre activit\u00e9.<\/p>\n\n\n\n<p>Il est fortement pr\u00e9conis\u00e9 de s\u00e9lectionner 3 couleurs dont une dominante pour un logo r\u00e9ussi.<\/p>\n\n\n\n<p>Des applications en ligne vous offrent la possibilit\u00e9 de produire un code couleur harmonieux et coh\u00e9rent<\/p>\n\n\n\n<h2>4. Des formes qui donnent vie \u00e0 votre activit\u00e9<\/h2>\n\n\n\n<p>Tout comme les couleurs, les formes sont \u00e9galement repr\u00e9sentatives de caract\u00e8res qui influent sur le ressenti des individus. Pour cette raison, prenez soin de conna\u00eetre le sens des formes et s\u00e9lectionnez celle \u00e0 votre <strong>image professionnelle.<\/strong><\/p>\n\n\n\n<p>Une forme carr\u00e9e symbolise le s\u00e9rieux, la fiabilit\u00e9, ou encore l&rsquo;\u00e9quilibre. Le rond repr\u00e9sente l&rsquo;harmonie, l&rsquo;excellence ou la joie. Etc.<\/p>\n\n\n\n<h2>5. Une typographie \u00e0 votre image<\/h2>\n\n\n\n<p>La <strong>police d&rsquo;\u00e9criture<\/strong> pour laquelle vous opterez d\u00e9terminera, comme les autres crit\u00e8res, l&rsquo;image inspirante que vous voulez donner \u00e0 votre<strong> auto-entreprise<\/strong>. Des<strong> outils en ligne<\/strong> peuvent vous aider \u00e0 trouver de bonnes id\u00e9es si vous avez des difficult\u00e9s \u00e0 vous d\u00e9cider.<\/p>\n\n\n\n<p>Une police d&rsquo;\u00e9criture est pr\u00e9f\u00e9rable, mais deux sont aussi acceptables. En revanche, n&rsquo;en utilisez pas plus de deux.<\/p>\n\n\n\n<h2>6. Une adaptabilit\u00e9 \u00e0 tous les supports<\/h2>\n\n\n\n<p>N&rsquo;oubliez pas que le logo de votre <a href=\"https:\/\/www.appeloffreduparticulier.com\/blog\/\" rel=\"nofollow\">auto-entreprise<\/a> se retrouvera sur divers supports. Il faudra donc penser \u00e0 tous les formats, les dimensions et mat\u00e9riaux sur lesquels il est possible de voir votre logo qui devra rester lisible et compr\u00e9hensible.<\/p>\n\n\n\n<p>Il faudra pr\u00e9voir des versions en noir et blanc, des versions sur des fonds clairs, et d\u2019autres sur des fonds sombres. Envisagez la repr\u00e9sentation de votre marque sur des<strong> cartes de visite<\/strong> comme sur des panneaux d\u2019affichage, en passant par du package, et m\u00eame du textile.<\/p>\n<div style=\"display: none;\"\n    class=\"kk-star-ratings kksr-valign-bottom kksr-align-left kksr-disabled\"\n    data-id=\"417\"\n    data-slug=\"\">\n    <div class=\"kksr-stars\">\n    <div class=\"kksr-stars-inactive\">\n            <div class=\"kksr-star\" data-star=\"1\">\n            <div class=\"kksr-icon\" style=\"width: px; height: px;\"><\/div>\n        <\/div>\n            <div class=\"kksr-star\" data-star=\"2\">\n            <div class=\"kksr-icon\" style=\"width: px; height: px;\"><\/div>\n        <\/div>\n            <div class=\"kksr-star\" data-star=\"3\">\n            <div class=\"kksr-icon\" style=\"width: px; height: px;\"><\/div>\n        <\/div>\n            <div class=\"kksr-star\" data-star=\"4\">\n            <div class=\"kksr-icon\" style=\"width: px; height: px;\"><\/div>\n        <\/div>\n            <div class=\"kksr-star\" data-star=\"5\">\n            <div class=\"kksr-icon\" style=\"width: px; height: px;\"><\/div>\n        <\/div>\n    <\/div>\n    <div class=\"kksr-stars-active\" style=\"width: 0px;\">\n            <div class=\"kksr-star\">\n            <div class=\"kksr-icon\" style=\"width: px; height: px;\"><\/div>\n        <\/div>\n            <div class=\"kksr-star\">\n            <div class=\"kksr-icon\" style=\"width: px; height: px;\"><\/div>\n        <\/div>\n            <div class=\"kksr-star\">\n            <div class=\"kksr-icon\" style=\"width: px; height: px;\"><\/div>\n        <\/div>\n            <div class=\"kksr-star\">\n            <div class=\"kksr-icon\" style=\"width: px; height: px;\"><\/div>\n        <\/div>\n            <div class=\"kksr-star\">\n            <div class=\"kksr-icon\" style=\"width: px; height: px;\"><\/div>\n        <\/div>\n    <\/div>\n<\/div>\n    <div class=\"kksr-legend\">\n            <span class=\"kksr-muted\"><\/span>\n    <\/div>\n<\/div>\n","protected":false},"excerpt":{"rendered":"<p>Vous n\u2019avez pas le budget n\u00e9cessaire pour faire appel \u00e0 un professionnel afin de r\u00e9aliser votre logo ? N&rsquo;ayez crainte ! Il vous est possible de concevoir le symbole repr\u00e9sentatif de votre activit\u00e9 vous-m\u00eame.D\u00e9couvrez nos 6 conseils principaux pour cr\u00e9er un logo unique pour votre auto-entreprise ! 1. Des outils de cr\u00e9ation pour cr\u00e9er le &hellip; <a href=\"https:\/\/www.appeloffreduparticulier.com\/blog\/creer-un-logo-pour-son-auto-entreprise\/\" class=\"more-link\">Continuer la lecture<span class=\"screen-reader-text\"> de &laquo;&nbsp;Cr\u00e9er un logo unique pour son auto-entreprise : nos 6 conseils pour r\u00e9ussir&nbsp;&raquo;<\/span><\/a><\/p>\n","protected":false},"author":2,"featured_media":418,"comment_status":"closed","ping_status":"closed","sticky":false,"template":"","format":"standard","meta":[],"categories":[13,12],"tags":[],"yoast_head":"<!-- This site is optimized with the Yoast SEO plugin v17.1 - https:\/\/yoast.com\/wordpress\/plugins\/seo\/ -->\n<title>Cr\u00e9er un logo unique pour son auto-entreprise : nos 6 conseils pour r\u00e9ussir - Appel offre particulier - site pour trouver une annonce de devis ou un appel d&#039;offre<\/title>\n<meta name=\"description\" content=\"D\u00e9couvrez nos 6 conseils qui vous permettront de r\u00e9ussir facilement la cr\u00e9ation d&#039;un beau logo pour votre auto-entreprise !\" \/>\n<meta name=\"robots\" content=\"index, follow, max-snippet:-1, max-image-preview:large, max-video-preview:-1\" \/>\n<link rel=\"canonical\" href=\"https:\/\/www.appeloffreduparticulier.com\/blog\/creer-un-logo-pour-son-auto-entreprise\/\" \/>\n<meta property=\"og:locale\" content=\"fr_FR\" \/>\n<meta property=\"og:type\" content=\"article\" \/>\n<meta property=\"og:title\" content=\"Cr\u00e9er un logo unique pour son auto-entreprise : nos 6 conseils pour r\u00e9ussir - Appel offre particulier - site pour trouver une annonce de devis ou un appel d&#039;offre\" \/>\n<meta property=\"og:description\" content=\"D\u00e9couvrez nos 6 conseils qui vous permettront de r\u00e9ussir facilement la cr\u00e9ation d&#039;un beau logo pour votre auto-entreprise !\" \/>\n<meta property=\"og:url\" content=\"https:\/\/www.appeloffreduparticulier.com\/blog\/creer-un-logo-pour-son-auto-entreprise\/\" \/>\n<meta property=\"og:site_name\" content=\"Appel offre particulier - site pour trouver une annonce de devis ou un appel d&#039;offre\" \/>\n<meta property=\"article:published_time\" content=\"2022-09-21T11:33:55+00:00\" \/>\n<meta property=\"article:modified_time\" content=\"2022-09-21T11:33:57+00:00\" \/>\n<meta property=\"og:image\" content=\"http:\/\/www.appeloffreduparticulier.com\/blog\/wp-content\/uploads\/2022\/09\/business-card-ga6251dc84_1280.jpg\" \/>\n\t<meta property=\"og:image:width\" content=\"1280\" \/>\n\t<meta property=\"og:image:height\" content=\"1163\" \/>\n<meta name=\"twitter:card\" content=\"summary\" \/>\n<meta name=\"twitter:label1\" content=\"\u00c9crit par\" \/>\n\t<meta name=\"twitter:data1\" content=\"Sandrine\" \/>\n\t<meta name=\"twitter:label2\" content=\"Dur\u00e9e de lecture est.\" \/>\n\t<meta name=\"twitter:data2\" content=\"3 minutes\" \/>\n<script type=\"application\/ld+json\" class=\"yoast-schema-graph\">{\"@context\":\"https:\/\/schema.org\",\"@graph\":[{\"@type\":\"WebSite\",\"@id\":\"https:\/\/www.appeloffreduparticulier.com\/blog\/#website\",\"url\":\"https:\/\/www.appeloffreduparticulier.com\/blog\/\",\"name\":\"Appel offre particulier - site pour trouver une annonce de devis ou un appel d&#039;offre\",\"description\":\"Articles pour ne pas se tromper dans votre annonce de particulier et aussi dans vos appels d&#039;offre (travaux ou autres)\",\"potentialAction\":[{\"@type\":\"SearchAction\",\"target\":{\"@type\":\"EntryPoint\",\"urlTemplate\":\"https:\/\/www.appeloffreduparticulier.com\/blog\/?s={search_term_string}\"},\"query-input\":\"required name=search_term_string\"}],\"inLanguage\":\"fr-FR\"},{\"@type\":\"ImageObject\",\"@id\":\"https:\/\/www.appeloffreduparticulier.com\/blog\/creer-un-logo-pour-son-auto-entreprise\/#primaryimage\",\"inLanguage\":\"fr-FR\",\"url\":\"https:\/\/www.appeloffreduparticulier.com\/blog\/wp-content\/uploads\/2022\/09\/business-card-ga6251dc84_1280.jpg\",\"contentUrl\":\"https:\/\/www.appeloffreduparticulier.com\/blog\/wp-content\/uploads\/2022\/09\/business-card-ga6251dc84_1280.jpg\",\"width\":1280,\"height\":1163},{\"@type\":\"WebPage\",\"@id\":\"https:\/\/www.appeloffreduparticulier.com\/blog\/creer-un-logo-pour-son-auto-entreprise\/#webpage\",\"url\":\"https:\/\/www.appeloffreduparticulier.com\/blog\/creer-un-logo-pour-son-auto-entreprise\/\",\"name\":\"Cr\\u00e9er un logo unique pour son auto-entreprise : nos 6 conseils pour r\\u00e9ussir - Appel offre particulier - site pour trouver une annonce de devis ou un appel d&#039;offre\",\"isPartOf\":{\"@id\":\"https:\/\/www.appeloffreduparticulier.com\/blog\/#website\"},\"primaryImageOfPage\":{\"@id\":\"https:\/\/www.appeloffreduparticulier.com\/blog\/creer-un-logo-pour-son-auto-entreprise\/#primaryimage\"},\"datePublished\":\"2022-09-21T11:33:55+00:00\",\"dateModified\":\"2022-09-21T11:33:57+00:00\",\"author\":{\"@id\":\"https:\/\/www.appeloffreduparticulier.com\/blog\/#\/schema\/person\/9221836eb9e7614689c6b49fb2faf0f6\"},\"description\":\"D\\u00e9couvrez nos 6 conseils qui vous permettront de r\\u00e9ussir facilement la cr\\u00e9ation d'un beau logo pour votre auto-entreprise !\",\"breadcrumb\":{\"@id\":\"https:\/\/www.appeloffreduparticulier.com\/blog\/creer-un-logo-pour-son-auto-entreprise\/#breadcrumb\"},\"inLanguage\":\"fr-FR\",\"potentialAction\":[{\"@type\":\"ReadAction\",\"target\":[\"https:\/\/www.appeloffreduparticulier.com\/blog\/creer-un-logo-pour-son-auto-entreprise\/\"]}]},{\"@type\":\"BreadcrumbList\",\"@id\":\"https:\/\/www.appeloffreduparticulier.com\/blog\/creer-un-logo-pour-son-auto-entreprise\/#breadcrumb\",\"itemListElement\":[{\"@type\":\"ListItem\",\"position\":1,\"name\":\"Accueil\",\"item\":\"https:\/\/www.appeloffreduparticulier.com\/blog\/\"},{\"@type\":\"ListItem\",\"position\":2,\"name\":\"Cr\\u00e9er un logo unique pour son auto-entreprise : nos 6 conseils pour r\\u00e9ussir\"}]},{\"@type\":\"Person\",\"@id\":\"https:\/\/www.appeloffreduparticulier.com\/blog\/#\/schema\/person\/9221836eb9e7614689c6b49fb2faf0f6\",\"name\":\"Sandrine\",\"image\":{\"@type\":\"ImageObject\",\"@id\":\"https:\/\/www.appeloffreduparticulier.com\/blog\/#personlogo\",\"inLanguage\":\"fr-FR\",\"url\":\"https:\/\/secure.gravatar.com\/avatar\/3e70ef1e4a58c2818016331a195ea567?s=96&d=mm&r=g\",\"contentUrl\":\"https:\/\/secure.gravatar.com\/avatar\/3e70ef1e4a58c2818016331a195ea567?s=96&d=mm&r=g\",\"caption\":\"Sandrine\"},\"url\":\"https:\/\/www.appeloffreduparticulier.com\/blog\/author\/sandrine\/\"}]}<\/script>\n<!-- \/ Yoast SEO plugin. -->","yoast_head_json":{"title":"Cr\u00e9er un logo unique pour son auto-entreprise : nos 6 conseils pour r\u00e9ussir - Appel offre particulier - site pour trouver une annonce de devis ou un appel d&#039;offre","description":"D\u00e9couvrez nos 6 conseils qui vous permettront de r\u00e9ussir facilement la cr\u00e9ation d'un beau logo pour votre auto-entreprise !","robots":{"index":"index","follow":"follow","max-snippet":"max-snippet:-1","max-image-preview":"max-image-preview:large","max-video-preview":"max-video-preview:-1"},"canonical":"https:\/\/www.appeloffreduparticulier.com\/blog\/creer-un-logo-pour-son-auto-entreprise\/","og_locale":"fr_FR","og_type":"article","og_title":"Cr\u00e9er un logo unique pour son auto-entreprise : nos 6 conseils pour r\u00e9ussir - Appel offre particulier - site pour trouver une annonce de devis ou un appel d&#039;offre","og_description":"D\u00e9couvrez nos 6 conseils qui vous permettront de r\u00e9ussir facilement la cr\u00e9ation d'un beau logo pour votre auto-entreprise !","og_url":"https:\/\/www.appeloffreduparticulier.com\/blog\/creer-un-logo-pour-son-auto-entreprise\/","og_site_name":"Appel offre particulier - site pour trouver une annonce de devis ou un appel d&#039;offre","article_published_time":"2022-09-21T11:33:55+00:00","article_modified_time":"2022-09-21T11:33:57+00:00","og_image":[{"width":1280,"height":1163,"url":"http:\/\/www.appeloffreduparticulier.com\/blog\/wp-content\/uploads\/2022\/09\/business-card-ga6251dc84_1280.jpg","path":"\/var\/www\/appeloffreduparticulier.com\/www\/blog\/wp-content\/uploads\/2022\/09\/business-card-ga6251dc84_1280.jpg","size":"full","id":418,"alt":"","pixels":1488640,"type":"image\/jpeg"}],"twitter_card":"summary","twitter_misc":{"\u00c9crit par":"Sandrine","Dur\u00e9e de lecture est.":"3 minutes"},"schema":{"@context":"https:\/\/schema.org","@graph":[{"@type":"WebSite","@id":"https:\/\/www.appeloffreduparticulier.com\/blog\/#website","url":"https:\/\/www.appeloffreduparticulier.com\/blog\/","name":"Appel offre particulier - site pour trouver une annonce de devis ou un appel d&#039;offre","description":"Articles pour ne pas se tromper dans votre annonce de particulier et aussi dans vos appels d&#039;offre (travaux ou autres)","potentialAction":[{"@type":"SearchAction","target":{"@type":"EntryPoint","urlTemplate":"https:\/\/www.appeloffreduparticulier.com\/blog\/?s={search_term_string}"},"query-input":"required name=search_term_string"}],"inLanguage":"fr-FR"},{"@type":"ImageObject","@id":"https:\/\/www.appeloffreduparticulier.com\/blog\/creer-un-logo-pour-son-auto-entreprise\/#primaryimage","inLanguage":"fr-FR","url":"https:\/\/www.appeloffreduparticulier.com\/blog\/wp-content\/uploads\/2022\/09\/business-card-ga6251dc84_1280.jpg","contentUrl":"https:\/\/www.appeloffreduparticulier.com\/blog\/wp-content\/uploads\/2022\/09\/business-card-ga6251dc84_1280.jpg","width":1280,"height":1163},{"@type":"WebPage","@id":"https:\/\/www.appeloffreduparticulier.com\/blog\/creer-un-logo-pour-son-auto-entreprise\/#webpage","url":"https:\/\/www.appeloffreduparticulier.com\/blog\/creer-un-logo-pour-son-auto-entreprise\/","name":"Cr\u00e9er un logo unique pour son auto-entreprise : nos 6 conseils pour r\u00e9ussir - Appel offre particulier - site pour trouver une annonce de devis ou un appel d&#039;offre","isPartOf":{"@id":"https:\/\/www.appeloffreduparticulier.com\/blog\/#website"},"primaryImageOfPage":{"@id":"https:\/\/www.appeloffreduparticulier.com\/blog\/creer-un-logo-pour-son-auto-entreprise\/#primaryimage"},"datePublished":"2022-09-21T11:33:55+00:00","dateModified":"2022-09-21T11:33:57+00:00","author":{"@id":"https:\/\/www.appeloffreduparticulier.com\/blog\/#\/schema\/person\/9221836eb9e7614689c6b49fb2faf0f6"},"description":"D\u00e9couvrez nos 6 conseils qui vous permettront de r\u00e9ussir facilement la cr\u00e9ation d'un beau logo pour votre auto-entreprise !","breadcrumb":{"@id":"https:\/\/www.appeloffreduparticulier.com\/blog\/creer-un-logo-pour-son-auto-entreprise\/#breadcrumb"},"inLanguage":"fr-FR","potentialAction":[{"@type":"ReadAction","target":["https:\/\/www.appeloffreduparticulier.com\/blog\/creer-un-logo-pour-son-auto-entreprise\/"]}]},{"@type":"BreadcrumbList","@id":"https:\/\/www.appeloffreduparticulier.com\/blog\/creer-un-logo-pour-son-auto-entreprise\/#breadcrumb","itemListElement":[{"@type":"ListItem","position":1,"name":"Accueil","item":"https:\/\/www.appeloffreduparticulier.com\/blog\/"},{"@type":"ListItem","position":2,"name":"Cr\u00e9er un logo unique pour son auto-entreprise : nos 6 conseils pour r\u00e9ussir"}]},{"@type":"Person","@id":"https:\/\/www.appeloffreduparticulier.com\/blog\/#\/schema\/person\/9221836eb9e7614689c6b49fb2faf0f6","name":"Sandrine","image":{"@type":"ImageObject","@id":"https:\/\/www.appeloffreduparticulier.com\/blog\/#personlogo","inLanguage":"fr-FR","url":"https:\/\/secure.gravatar.com\/avatar\/3e70ef1e4a58c2818016331a195ea567?s=96&d=mm&r=g","contentUrl":"https:\/\/secure.gravatar.com\/avatar\/3e70ef1e4a58c2818016331a195ea567?s=96&d=mm&r=g","caption":"Sandrine"},"url":"https:\/\/www.appeloffreduparticulier.com\/blog\/author\/sandrine\/"}]}},"_links":{"self":[{"href":"https:\/\/www.appeloffreduparticulier.com\/blog\/wp-json\/wp\/v2\/posts\/417"}],"collection":[{"href":"https:\/\/www.appeloffreduparticulier.com\/blog\/wp-json\/wp\/v2\/posts"}],"about":[{"href":"https:\/\/www.appeloffreduparticulier.com\/blog\/wp-json\/wp\/v2\/types\/post"}],"author":[{"embeddable":true,"href":"https:\/\/www.appeloffreduparticulier.com\/blog\/wp-json\/wp\/v2\/users\/2"}],"replies":[{"embeddable":true,"href":"https:\/\/www.appeloffreduparticulier.com\/blog\/wp-json\/wp\/v2\/comments?post=417"}],"version-history":[{"count":1,"href":"https:\/\/www.appeloffreduparticulier.com\/blog\/wp-json\/wp\/v2\/posts\/417\/revisions"}],"predecessor-version":[{"id":419,"href":"https:\/\/www.appeloffreduparticulier.com\/blog\/wp-json\/wp\/v2\/posts\/417\/revisions\/419"}],"wp:featuredmedia":[{"embeddable":true,"href":"https:\/\/www.appeloffreduparticulier.com\/blog\/wp-json\/wp\/v2\/media\/418"}],"wp:attachment":[{"href":"https:\/\/www.appeloffreduparticulier.com\/blog\/wp-json\/wp\/v2\/media?parent=417"}],"wp:term":[{"taxonomy":"category","embeddable":true,"href":"https:\/\/www.appeloffreduparticulier.com\/blog\/wp-json\/wp\/v2\/categories?post=417"},{"taxonomy":"post_tag","embeddable":true,"href":"https:\/\/www.appeloffreduparticulier.com\/blog\/wp-json\/wp\/v2\/tags?post=417"}],"curies":[{"name":"wp","href":"https:\/\/api.w.org\/{rel}","templated":true}]}}