{"id":434,"date":"2024-06-11T12:00:00","date_gmt":"2024-06-11T11:00:00","guid":{"rendered":"https:\/\/www.appeloffreduparticulier.com\/blog\/?p=434"},"modified":"2024-06-04T12:23:40","modified_gmt":"2024-06-04T11:23:40","slug":"micro-entreprise-ou-artisan-quel-regime-fiscal-choisir","status":"publish","type":"post","link":"https:\/\/www.appeloffreduparticulier.com\/blog\/micro-entreprise-ou-artisan-quel-regime-fiscal-choisir\/","title":{"rendered":"Micro-entreprise ou artisan : quel r\u00e9gime fiscal choisir ?"},"content":{"rendered":"\n<p>Le r\u00e9gime de la micro-entreprise, aussi connu sous le nom d&rsquo;<a href=\"https:\/\/www.appeloffreduparticulier.com\/ajouter-entreprise-appeloffre.php\" target=\"_blank\" rel=\"noreferrer noopener nofollow\">auto-entrepreneur<\/a>, est un statut simplifi\u00e9 accessible aux artisans et \u00e0 d&rsquo;autres professionnels ind\u00e9pendants. Il offre de nombreux avantages, notamment une gestion administrative simplifi\u00e9e et des cotisations sociales calcul\u00e9es sur le chiffre d&rsquo;affaires. Cependant, il est important de bien comprendre le r\u00e9gime fiscal de l&rsquo;<a href=\"https:\/\/www.appeloffreduparticulier.com\/blog\/les-secteurs-prometteurs-pour-devenir-auto-entrepreneur-en-2024\/\" target=\"_blank\" rel=\"noreferrer noopener nofollow\">auto-entrepreneur<\/a> avant de se lancer, car il pr\u00e9sente des particularit\u00e9s par rapport aux autres r\u00e9gimes fiscaux.<\/p>\n\n\n\n<h2>Le r\u00e9gime micro-fiscal<\/h2>\n\n\n\n<p>Le r\u00e9gime micro-fiscal est le r\u00e9gime fiscal par d\u00e9faut de l&rsquo;auto-entrepreneur. Il consiste \u00e0 appliquer un <strong>abattement forfaitaire<\/strong> sur le chiffre d&rsquo;affaires r\u00e9alis\u00e9 pour d\u00e9terminer le <strong>b\u00e9n\u00e9fice imposable<\/strong>. Ce b\u00e9n\u00e9fice est ensuite soumis \u00e0 l&rsquo;<strong>imp\u00f4t sur le revenu<\/strong> selon le bar\u00e8me progressif.<\/p>\n\n\n\n<p><strong>Avantages du r\u00e9gime micro-fiscal<\/strong><\/p>\n\n\n\n<ul><li><strong>Simplicit\u00e9<\/strong> : le r\u00e9gime micro-fiscal est tr\u00e8s simple \u00e0 g\u00e9rer, car il ne n\u00e9cessite pas de tenir de comptabilit\u00e9.<\/li><li><strong>Cotisations sociales r\u00e9duites<\/strong> : les cotisations sociales des auto-entrepreneurs sont calcul\u00e9es sur un pourcentage du chiffre d&rsquo;affaires encaiss\u00e9, ce qui les rend g\u00e9n\u00e9ralement moins \u00e9lev\u00e9es que celles des artisans relevant du r\u00e9gime r\u00e9el.<\/li><\/ul>\n\n\n\n<p><strong>Inconv\u00e9nients du r\u00e9gime micro-fiscal<\/strong><\/p>\n\n\n\n<ul><li><strong>Plafonds de chiffre d&rsquo;affaires<\/strong> : le r\u00e9gime micro-fiscal est soumis \u00e0 des plafonds de chiffre d&rsquo;affaires. En 2024, ces plafonds s&rsquo;\u00e9l\u00e8vent \u00e0 :<ul><li>176 200 \u20ac pour les activit\u00e9s de vente de marchandises<\/li><li>70 000 \u20ac pour les activit\u00e9s de prestations de services<\/li><li>70 000 \u20ac pour les activit\u00e9s relevant des BNC (b\u00e9n\u00e9fices non commerciaux)<\/li><\/ul><\/li><li><strong>Imp\u00f4t sur le revenu<\/strong> : le r\u00e9gime micro-fiscal peut s&rsquo;av\u00e9rer moins avantageux que le r\u00e9gime r\u00e9el pour les auto-entrepreneurs qui ont des charges \u00e9lev\u00e9es, car l&rsquo;abattement forfaitaire ne permet pas de d\u00e9duire toutes les charges r\u00e9elles.<\/li><\/ul>\n\n\n\n<h2>Le r\u00e9gime r\u00e9el<\/h2>\n\n\n\n<p>Le r\u00e9gime r\u00e9el est un r\u00e9gime fiscal plus complexe que le r\u00e9gime micro-fiscal, mais il peut \u00eatre plus avantageux pour les auto-entrepreneurs qui ont des charges \u00e9lev\u00e9es. En effet, le r\u00e9gime r\u00e9el permet de <strong>d\u00e9duire l&rsquo;ensemble des charges r\u00e9elles<\/strong> du chiffre d&rsquo;affaires pour d\u00e9terminer le b\u00e9n\u00e9fice imposable.<\/p>\n\n\n\n<p><strong>Avantages du r\u00e9gime r\u00e9el<\/strong><\/p>\n\n\n\n<ul><li><strong>Optimisation fiscale<\/strong> : le r\u00e9gime r\u00e9el permet de r\u00e9duire l&rsquo;imp\u00f4t sur le revenu en d\u00e9duisant l&rsquo;ensemble des charges r\u00e9elles.<\/li><li><strong>Pas de plafonds de chiffre d&rsquo;affaires<\/strong> : le r\u00e9gime r\u00e9el n&rsquo;est pas soumis \u00e0 des plafonds de chiffre d&rsquo;affaires.<\/li><\/ul>\n\n\n\n<p><strong>Inconv\u00e9nients du r\u00e9gime r\u00e9el<\/strong><\/p>\n\n\n\n<ul><li><strong>Complexit\u00e9<\/strong> : le r\u00e9gime r\u00e9el est plus complexe \u00e0 g\u00e9rer que le r\u00e9gime micro-fiscal, car il n\u00e9cessite de tenir une comptabilit\u00e9.<\/li><li><strong>Cotisations sociales plus \u00e9lev\u00e9es<\/strong> : les cotisations sociales des auto-entrepreneurs relevant du r\u00e9gime r\u00e9el sont calcul\u00e9es sur le b\u00e9n\u00e9fice r\u00e9el, ce qui les rend g\u00e9n\u00e9ralement plus \u00e9lev\u00e9es que celles des auto-entrepreneurs relevant du r\u00e9gime micro-fiscal.<\/li><\/ul>\n\n\n\n<p><strong>Option pour le r\u00e9gime r\u00e9el<\/strong><\/p>\n\n\n\n<p>Les auto-entrepreneurs peuvent opter pour le r\u00e9gime r\u00e9el <strong>\u00e0 tout moment<\/strong>. L&rsquo;option pour le r\u00e9gime r\u00e9el est <strong>d\u00e9finitive<\/strong> pour l&rsquo;ann\u00e9e d&rsquo;exercice en cours et les ann\u00e9es suivantes.<\/p>\n\n\n\n<p>Le choix du r\u00e9gime fiscal d\u00e9pend de plusieurs facteurs, tels que le chiffre d&rsquo;affaires pr\u00e9visionnel, le niveau de charges et les comp\u00e9tences comptables de l&rsquo;auto-entrepreneur. Il est important de bien se renseigner et de faire des simulations avant de faire son choix.<\/p>\n\n\n\n<p><strong>En plus de ce qui a \u00e9t\u00e9 dit ci-dessus, il est important de noter que :<\/strong><\/p>\n\n\n\n<ul><li>Les <a href=\"https:\/\/www.appeloffreduparticulier.com\/inscription.php\" target=\"_blank\" rel=\"noreferrer noopener nofollow\">artisans <\/a>peuvent \u00e9galement relever du r\u00e9gime de la <strong>franchise de cotisations sociales<\/strong>. Ce r\u00e9gime est accessible aux artisans qui ont un chiffre d&rsquo;affaires annuel inf\u00e9rieur \u00e0 36 500 \u20ac.<\/li><li>Les artisans peuvent par ailleurs relever du r\u00e9gime de la <strong>TVA<\/strong>. Ce r\u00e9gime est obligatoire pour les artisans dont le chiffre d&rsquo;affaires annuel d\u00e9passe 85 000 \u20ac.<\/li><\/ul>\n\n\n\n<p><\/p>\n<div style=\"display: none;\"\n    class=\"kk-star-ratings kksr-valign-bottom kksr-align-left kksr-disabled\"\n    data-id=\"434\"\n    data-slug=\"\">\n    <div class=\"kksr-stars\">\n    <div class=\"kksr-stars-inactive\">\n            <div class=\"kksr-star\" data-star=\"1\">\n            <div class=\"kksr-icon\" style=\"width: px; height: px;\"><\/div>\n        <\/div>\n            <div class=\"kksr-star\" data-star=\"2\">\n            <div class=\"kksr-icon\" style=\"width: px; height: px;\"><\/div>\n        <\/div>\n            <div class=\"kksr-star\" data-star=\"3\">\n            <div class=\"kksr-icon\" style=\"width: px; height: px;\"><\/div>\n        <\/div>\n            <div class=\"kksr-star\" data-star=\"4\">\n            <div class=\"kksr-icon\" style=\"width: px; height: px;\"><\/div>\n        <\/div>\n            <div class=\"kksr-star\" data-star=\"5\">\n            <div class=\"kksr-icon\" style=\"width: px; height: px;\"><\/div>\n        <\/div>\n    <\/div>\n    <div class=\"kksr-stars-active\" style=\"width: 0px;\">\n            <div class=\"kksr-star\">\n            <div class=\"kksr-icon\" style=\"width: px; height: px;\"><\/div>\n        <\/div>\n            <div class=\"kksr-star\">\n            <div class=\"kksr-icon\" style=\"width: px; height: px;\"><\/div>\n        <\/div>\n            <div class=\"kksr-star\">\n            <div class=\"kksr-icon\" style=\"width: px; height: px;\"><\/div>\n        <\/div>\n            <div class=\"kksr-star\">\n            <div class=\"kksr-icon\" style=\"width: px; height: px;\"><\/div>\n        <\/div>\n            <div class=\"kksr-star\">\n            <div class=\"kksr-icon\" style=\"width: px; height: px;\"><\/div>\n        <\/div>\n    <\/div>\n<\/div>\n    <div class=\"kksr-legend\">\n            <span class=\"kksr-muted\"><\/span>\n    <\/div>\n<\/div>\n","protected":false},"excerpt":{"rendered":"<p>Le r\u00e9gime de la micro-entreprise, aussi connu sous le nom d&rsquo;auto-entrepreneur, est un statut simplifi\u00e9 accessible aux artisans et \u00e0 d&rsquo;autres professionnels ind\u00e9pendants. Il offre de nombreux avantages, notamment une gestion administrative simplifi\u00e9e et des cotisations sociales calcul\u00e9es sur le chiffre d&rsquo;affaires. Cependant, il est important de bien comprendre le r\u00e9gime fiscal de l&rsquo;auto-entrepreneur avant &hellip; <a href=\"https:\/\/www.appeloffreduparticulier.com\/blog\/micro-entreprise-ou-artisan-quel-regime-fiscal-choisir\/\" class=\"more-link\">Continuer la lecture<span class=\"screen-reader-text\"> de &laquo;&nbsp;Micro-entreprise ou artisan : quel r\u00e9gime fiscal choisir ?&nbsp;&raquo;<\/span><\/a><\/p>\n","protected":false},"author":2,"featured_media":435,"comment_status":"closed","ping_status":"closed","sticky":false,"template":"","format":"standard","meta":[],"categories":[13,12],"tags":[],"yoast_head":"<!-- This site is optimized with the Yoast SEO plugin v17.1 - https:\/\/yoast.com\/wordpress\/plugins\/seo\/ -->\n<title>Micro-entreprise ou artisan : quel r\u00e9gime fiscal choisir ? - Appel offre particulier - site pour trouver une annonce de devis ou un appel d&#039;offre<\/title>\n<meta name=\"description\" content=\"D\u00e9couvrez quel r\u00e9gime fiscal est le plus avantageux pour votre activit\u00e9 en fonction de votre chiffre d&#039;affaires, de vos charges et de vos aspirations. Guide complet pour optimiser vos imp\u00f4ts et maximiser vos b\u00e9n\u00e9fices !\" \/>\n<meta name=\"robots\" content=\"index, follow, max-snippet:-1, max-image-preview:large, max-video-preview:-1\" \/>\n<link rel=\"canonical\" href=\"https:\/\/www.appeloffreduparticulier.com\/blog\/micro-entreprise-ou-artisan-quel-regime-fiscal-choisir\/\" \/>\n<meta property=\"og:locale\" content=\"fr_FR\" \/>\n<meta property=\"og:type\" content=\"article\" \/>\n<meta property=\"og:title\" content=\"Micro-entreprise ou artisan : quel r\u00e9gime fiscal choisir ? - Appel offre particulier - site pour trouver une annonce de devis ou un appel d&#039;offre\" \/>\n<meta property=\"og:description\" content=\"D\u00e9couvrez quel r\u00e9gime fiscal est le plus avantageux pour votre activit\u00e9 en fonction de votre chiffre d&#039;affaires, de vos charges et de vos aspirations. Guide complet pour optimiser vos imp\u00f4ts et maximiser vos b\u00e9n\u00e9fices !\" \/>\n<meta property=\"og:url\" content=\"https:\/\/www.appeloffreduparticulier.com\/blog\/micro-entreprise-ou-artisan-quel-regime-fiscal-choisir\/\" \/>\n<meta property=\"og:site_name\" content=\"Appel offre particulier - site pour trouver une annonce de devis ou un appel d&#039;offre\" \/>\n<meta property=\"article:published_time\" content=\"2024-06-11T11:00:00+00:00\" \/>\n<meta property=\"article:modified_time\" content=\"2024-06-04T11:23:40+00:00\" \/>\n<meta property=\"og:image\" content=\"https:\/\/www.appeloffreduparticulier.com\/blog\/wp-content\/uploads\/2024\/06\/calculator-385506_1280.jpg\" \/>\n\t<meta property=\"og:image:width\" content=\"1280\" \/>\n\t<meta property=\"og:image:height\" content=\"754\" \/>\n<meta name=\"twitter:card\" content=\"summary\" \/>\n<meta name=\"twitter:label1\" content=\"\u00c9crit par\" \/>\n\t<meta name=\"twitter:data1\" content=\"Sandrine\" \/>\n\t<meta name=\"twitter:label2\" content=\"Dur\u00e9e de lecture est.\" \/>\n\t<meta name=\"twitter:data2\" content=\"3 minutes\" \/>\n<script type=\"application\/ld+json\" class=\"yoast-schema-graph\">{\"@context\":\"https:\/\/schema.org\",\"@graph\":[{\"@type\":\"WebSite\",\"@id\":\"http:\/\/www.appeloffreduparticulier.com\/blog\/#website\",\"url\":\"http:\/\/www.appeloffreduparticulier.com\/blog\/\",\"name\":\"Appel offre particulier - site pour trouver une annonce de devis ou un appel d&#039;offre\",\"description\":\"Articles pour ne pas se tromper dans votre annonce de particulier et aussi dans vos appels d&#039;offre (travaux ou autres)\",\"potentialAction\":[{\"@type\":\"SearchAction\",\"target\":{\"@type\":\"EntryPoint\",\"urlTemplate\":\"http:\/\/www.appeloffreduparticulier.com\/blog\/?s={search_term_string}\"},\"query-input\":\"required name=search_term_string\"}],\"inLanguage\":\"fr-FR\"},{\"@type\":\"ImageObject\",\"@id\":\"https:\/\/www.appeloffreduparticulier.com\/blog\/micro-entreprise-ou-artisan-quel-regime-fiscal-choisir\/#primaryimage\",\"inLanguage\":\"fr-FR\",\"url\":\"https:\/\/www.appeloffreduparticulier.com\/blog\/wp-content\/uploads\/2024\/06\/calculator-385506_1280.jpg\",\"contentUrl\":\"https:\/\/www.appeloffreduparticulier.com\/blog\/wp-content\/uploads\/2024\/06\/calculator-385506_1280.jpg\",\"width\":1280,\"height\":754},{\"@type\":\"WebPage\",\"@id\":\"https:\/\/www.appeloffreduparticulier.com\/blog\/micro-entreprise-ou-artisan-quel-regime-fiscal-choisir\/#webpage\",\"url\":\"https:\/\/www.appeloffreduparticulier.com\/blog\/micro-entreprise-ou-artisan-quel-regime-fiscal-choisir\/\",\"name\":\"Micro-entreprise ou artisan : quel r\\u00e9gime fiscal choisir ? - Appel offre particulier - site pour trouver une annonce de devis ou un appel d&#039;offre\",\"isPartOf\":{\"@id\":\"http:\/\/www.appeloffreduparticulier.com\/blog\/#website\"},\"primaryImageOfPage\":{\"@id\":\"https:\/\/www.appeloffreduparticulier.com\/blog\/micro-entreprise-ou-artisan-quel-regime-fiscal-choisir\/#primaryimage\"},\"datePublished\":\"2024-06-11T11:00:00+00:00\",\"dateModified\":\"2024-06-04T11:23:40+00:00\",\"author\":{\"@id\":\"http:\/\/www.appeloffreduparticulier.com\/blog\/#\/schema\/person\/9221836eb9e7614689c6b49fb2faf0f6\"},\"description\":\"D\\u00e9couvrez quel r\\u00e9gime fiscal est le plus avantageux pour votre activit\\u00e9 en fonction de votre chiffre d'affaires, de vos charges et de vos aspirations. Guide complet pour optimiser vos imp\\u00f4ts et maximiser vos b\\u00e9n\\u00e9fices !\",\"breadcrumb\":{\"@id\":\"https:\/\/www.appeloffreduparticulier.com\/blog\/micro-entreprise-ou-artisan-quel-regime-fiscal-choisir\/#breadcrumb\"},\"inLanguage\":\"fr-FR\",\"potentialAction\":[{\"@type\":\"ReadAction\",\"target\":[\"https:\/\/www.appeloffreduparticulier.com\/blog\/micro-entreprise-ou-artisan-quel-regime-fiscal-choisir\/\"]}]},{\"@type\":\"BreadcrumbList\",\"@id\":\"https:\/\/www.appeloffreduparticulier.com\/blog\/micro-entreprise-ou-artisan-quel-regime-fiscal-choisir\/#breadcrumb\",\"itemListElement\":[{\"@type\":\"ListItem\",\"position\":1,\"name\":\"Accueil\",\"item\":\"http:\/\/www.appeloffreduparticulier.com\/blog\/\"},{\"@type\":\"ListItem\",\"position\":2,\"name\":\"Micro-entreprise ou artisan : quel r\\u00e9gime fiscal choisir ?\"}]},{\"@type\":\"Person\",\"@id\":\"http:\/\/www.appeloffreduparticulier.com\/blog\/#\/schema\/person\/9221836eb9e7614689c6b49fb2faf0f6\",\"name\":\"Sandrine\",\"image\":{\"@type\":\"ImageObject\",\"@id\":\"http:\/\/www.appeloffreduparticulier.com\/blog\/#personlogo\",\"inLanguage\":\"fr-FR\",\"url\":\"https:\/\/secure.gravatar.com\/avatar\/3e70ef1e4a58c2818016331a195ea567?s=96&d=mm&r=g\",\"contentUrl\":\"https:\/\/secure.gravatar.com\/avatar\/3e70ef1e4a58c2818016331a195ea567?s=96&d=mm&r=g\",\"caption\":\"Sandrine\"},\"url\":\"https:\/\/www.appeloffreduparticulier.com\/blog\/author\/sandrine\/\"}]}<\/script>\n<!-- \/ Yoast SEO plugin. -->","yoast_head_json":{"title":"Micro-entreprise ou artisan : quel r\u00e9gime fiscal choisir ? - Appel offre particulier - site pour trouver une annonce de devis ou un appel d&#039;offre","description":"D\u00e9couvrez quel r\u00e9gime fiscal est le plus avantageux pour votre activit\u00e9 en fonction de votre chiffre d'affaires, de vos charges et de vos aspirations. Guide complet pour optimiser vos imp\u00f4ts et maximiser vos b\u00e9n\u00e9fices !","robots":{"index":"index","follow":"follow","max-snippet":"max-snippet:-1","max-image-preview":"max-image-preview:large","max-video-preview":"max-video-preview:-1"},"canonical":"https:\/\/www.appeloffreduparticulier.com\/blog\/micro-entreprise-ou-artisan-quel-regime-fiscal-choisir\/","og_locale":"fr_FR","og_type":"article","og_title":"Micro-entreprise ou artisan : quel r\u00e9gime fiscal choisir ? - Appel offre particulier - site pour trouver une annonce de devis ou un appel d&#039;offre","og_description":"D\u00e9couvrez quel r\u00e9gime fiscal est le plus avantageux pour votre activit\u00e9 en fonction de votre chiffre d'affaires, de vos charges et de vos aspirations. Guide complet pour optimiser vos imp\u00f4ts et maximiser vos b\u00e9n\u00e9fices !","og_url":"https:\/\/www.appeloffreduparticulier.com\/blog\/micro-entreprise-ou-artisan-quel-regime-fiscal-choisir\/","og_site_name":"Appel offre particulier - site pour trouver une annonce de devis ou un appel d&#039;offre","article_published_time":"2024-06-11T11:00:00+00:00","article_modified_time":"2024-06-04T11:23:40+00:00","og_image":[{"width":1280,"height":754,"url":"https:\/\/www.appeloffreduparticulier.com\/blog\/wp-content\/uploads\/2024\/06\/calculator-385506_1280.jpg","path":"\/var\/www\/appeloffreduparticulier.com\/www\/blog\/wp-content\/uploads\/2024\/06\/calculator-385506_1280.jpg","size":"full","id":435,"alt":"","pixels":965120,"type":"image\/jpeg"}],"twitter_card":"summary","twitter_misc":{"\u00c9crit par":"Sandrine","Dur\u00e9e de lecture est.":"3 minutes"},"schema":{"@context":"https:\/\/schema.org","@graph":[{"@type":"WebSite","@id":"http:\/\/www.appeloffreduparticulier.com\/blog\/#website","url":"http:\/\/www.appeloffreduparticulier.com\/blog\/","name":"Appel offre particulier - site pour trouver une annonce de devis ou un appel d&#039;offre","description":"Articles pour ne pas se tromper dans votre annonce de particulier et aussi dans vos appels d&#039;offre (travaux ou autres)","potentialAction":[{"@type":"SearchAction","target":{"@type":"EntryPoint","urlTemplate":"http:\/\/www.appeloffreduparticulier.com\/blog\/?s={search_term_string}"},"query-input":"required name=search_term_string"}],"inLanguage":"fr-FR"},{"@type":"ImageObject","@id":"https:\/\/www.appeloffreduparticulier.com\/blog\/micro-entreprise-ou-artisan-quel-regime-fiscal-choisir\/#primaryimage","inLanguage":"fr-FR","url":"https:\/\/www.appeloffreduparticulier.com\/blog\/wp-content\/uploads\/2024\/06\/calculator-385506_1280.jpg","contentUrl":"https:\/\/www.appeloffreduparticulier.com\/blog\/wp-content\/uploads\/2024\/06\/calculator-385506_1280.jpg","width":1280,"height":754},{"@type":"WebPage","@id":"https:\/\/www.appeloffreduparticulier.com\/blog\/micro-entreprise-ou-artisan-quel-regime-fiscal-choisir\/#webpage","url":"https:\/\/www.appeloffreduparticulier.com\/blog\/micro-entreprise-ou-artisan-quel-regime-fiscal-choisir\/","name":"Micro-entreprise ou artisan : quel r\u00e9gime fiscal choisir ? - Appel offre particulier - site pour trouver une annonce de devis ou un appel d&#039;offre","isPartOf":{"@id":"http:\/\/www.appeloffreduparticulier.com\/blog\/#website"},"primaryImageOfPage":{"@id":"https:\/\/www.appeloffreduparticulier.com\/blog\/micro-entreprise-ou-artisan-quel-regime-fiscal-choisir\/#primaryimage"},"datePublished":"2024-06-11T11:00:00+00:00","dateModified":"2024-06-04T11:23:40+00:00","author":{"@id":"http:\/\/www.appeloffreduparticulier.com\/blog\/#\/schema\/person\/9221836eb9e7614689c6b49fb2faf0f6"},"description":"D\u00e9couvrez quel r\u00e9gime fiscal est le plus avantageux pour votre activit\u00e9 en fonction de votre chiffre d'affaires, de vos charges et de vos aspirations. Guide complet pour optimiser vos imp\u00f4ts et maximiser vos b\u00e9n\u00e9fices !","breadcrumb":{"@id":"https:\/\/www.appeloffreduparticulier.com\/blog\/micro-entreprise-ou-artisan-quel-regime-fiscal-choisir\/#breadcrumb"},"inLanguage":"fr-FR","potentialAction":[{"@type":"ReadAction","target":["https:\/\/www.appeloffreduparticulier.com\/blog\/micro-entreprise-ou-artisan-quel-regime-fiscal-choisir\/"]}]},{"@type":"BreadcrumbList","@id":"https:\/\/www.appeloffreduparticulier.com\/blog\/micro-entreprise-ou-artisan-quel-regime-fiscal-choisir\/#breadcrumb","itemListElement":[{"@type":"ListItem","position":1,"name":"Accueil","item":"http:\/\/www.appeloffreduparticulier.com\/blog\/"},{"@type":"ListItem","position":2,"name":"Micro-entreprise ou artisan : quel r\u00e9gime fiscal choisir ?"}]},{"@type":"Person","@id":"http:\/\/www.appeloffreduparticulier.com\/blog\/#\/schema\/person\/9221836eb9e7614689c6b49fb2faf0f6","name":"Sandrine","image":{"@type":"ImageObject","@id":"http:\/\/www.appeloffreduparticulier.com\/blog\/#personlogo","inLanguage":"fr-FR","url":"https:\/\/secure.gravatar.com\/avatar\/3e70ef1e4a58c2818016331a195ea567?s=96&d=mm&r=g","contentUrl":"https:\/\/secure.gravatar.com\/avatar\/3e70ef1e4a58c2818016331a195ea567?s=96&d=mm&r=g","caption":"Sandrine"},"url":"https:\/\/www.appeloffreduparticulier.com\/blog\/author\/sandrine\/"}]}},"_links":{"self":[{"href":"https:\/\/www.appeloffreduparticulier.com\/blog\/wp-json\/wp\/v2\/posts\/434"}],"collection":[{"href":"https:\/\/www.appeloffreduparticulier.com\/blog\/wp-json\/wp\/v2\/posts"}],"about":[{"href":"https:\/\/www.appeloffreduparticulier.com\/blog\/wp-json\/wp\/v2\/types\/post"}],"author":[{"embeddable":true,"href":"https:\/\/www.appeloffreduparticulier.com\/blog\/wp-json\/wp\/v2\/users\/2"}],"replies":[{"embeddable":true,"href":"https:\/\/www.appeloffreduparticulier.com\/blog\/wp-json\/wp\/v2\/comments?post=434"}],"version-history":[{"count":1,"href":"https:\/\/www.appeloffreduparticulier.com\/blog\/wp-json\/wp\/v2\/posts\/434\/revisions"}],"predecessor-version":[{"id":436,"href":"https:\/\/www.appeloffreduparticulier.com\/blog\/wp-json\/wp\/v2\/posts\/434\/revisions\/436"}],"wp:featuredmedia":[{"embeddable":true,"href":"https:\/\/www.appeloffreduparticulier.com\/blog\/wp-json\/wp\/v2\/media\/435"}],"wp:attachment":[{"href":"https:\/\/www.appeloffreduparticulier.com\/blog\/wp-json\/wp\/v2\/media?parent=434"}],"wp:term":[{"taxonomy":"category","embeddable":true,"href":"https:\/\/www.appeloffreduparticulier.com\/blog\/wp-json\/wp\/v2\/categories?post=434"},{"taxonomy":"post_tag","embeddable":true,"href":"https:\/\/www.appeloffreduparticulier.com\/blog\/wp-json\/wp\/v2\/tags?post=434"}],"curies":[{"name":"wp","href":"https:\/\/api.w.org\/{rel}","templated":true}]}}