{"id":441,"date":"2024-06-25T12:00:00","date_gmt":"2024-06-25T11:00:00","guid":{"rendered":"http:\/\/www.appeloffreduparticulier.com\/blog\/?p=441"},"modified":"2024-06-20T07:22:30","modified_gmt":"2024-06-20T06:22:30","slug":"cotisations-sociales-ce-qui-change-pour-les-micro-entreprises-liberales-en-juillet-2024","status":"publish","type":"post","link":"https:\/\/www.appeloffreduparticulier.com\/blog\/cotisations-sociales-ce-qui-change-pour-les-micro-entreprises-liberales-en-juillet-2024\/","title":{"rendered":"Cotisations Sociales : ce qui change pour les Micro-Entreprises Lib\u00e9rales en juillet 2024"},"content":{"rendered":"\n<p>Un d\u00e9cret r\u00e9cent annonce une augmentation des <strong>cotisations sociales<\/strong> pour les micro-entreprises lib\u00e9rales d\u00e8s juillet 2024. Cette mesure vise \u00e0 renforcer la protection sociale des <a href=\"https:\/\/www.appeloffreduparticulier.com\/inscription.php\" target=\"_blank\" rel=\"noreferrer noopener nofollow\">auto-entrepreneurs<\/a>, notamment pour leur retraite compl\u00e9mentaire. Voici un d\u00e9cryptage des changements \u00e0 venir, leurs impacts et des conseils pour y faire face.<\/p>\n\n\n\n<h2>Professions concern\u00e9es<\/h2>\n\n\n\n<p><strong>Qui est affect\u00e9 par cette hausse ?<\/strong><\/p>\n\n\n\n<p>Les professions lib\u00e9rales relevant des <strong>B\u00e9n\u00e9fices Non Commerciaux (BNC)<\/strong> sont principalement concern\u00e9es. Deux cat\u00e9gories distinctes sont touch\u00e9es :<\/p>\n\n\n\n<ol type=\"1\"><li><strong>Les professions lib\u00e9rales affili\u00e9es \u00e0 la CIPAV<\/strong> : Ce groupe inclut les m\u00e9tiers r\u00e9glement\u00e9s comme les di\u00e9t\u00e9ticiens, architectes, ainsi que les micro-entreprises cr\u00e9\u00e9es avant 2018.<\/li><li><strong>Les professions lib\u00e9rales affili\u00e9es au r\u00e9gime g\u00e9n\u00e9ral (SSI)<\/strong> : Cela concerne les m\u00e9tiers non r\u00e9glement\u00e9s tels que les r\u00e9dacteurs web, graphistes et les micro-entreprises cr\u00e9\u00e9es apr\u00e8s 2018.<\/li><\/ol>\n\n\n\n<p><strong>Exclusions<\/strong><\/p>\n\n\n\n<p>Les <a href=\"https:\/\/www.appeloffreduparticulier.com\/ajouter-entreprise-appeloffre.php\" target=\"_blank\" rel=\"noreferrer noopener nofollow\">artisans<\/a>, commer\u00e7ants et autres activit\u00e9s relevant des <strong>B\u00e9n\u00e9fices Industriels et Commerciaux (BIC)<\/strong> ne sont pas concern\u00e9s par cette augmentation.<\/p>\n\n\n\n<p><\/p>\n\n\n\n<h2>Nouveaux taux de cotisations<\/h2>\n\n\n\n<p>\u00c0 partir du 1er juillet 2024, les taux de cotisations seront r\u00e9vis\u00e9s. Pour les lib\u00e9raux affili\u00e9s au r\u00e9gime g\u00e9n\u00e9ral, le taux passera de 21,10 % \u00e0 23,20 % en juillet 2024, puis \u00e0 24,60 % en janvier 2025 et enfin \u00e0 26,10 % en janvier 2026. Pour les lib\u00e9raux affili\u00e9s \u00e0 la CIPAV, une augmentation unique de 21,20 % \u00e0 23,20 % est pr\u00e9vue.<\/p>\n\n\n\n<h2>Modifications des taux de l&rsquo;Acre<\/h2>\n\n\n\n<p>L\u2019<strong>Aide \u00e0 la cr\u00e9ation et \u00e0 la reprise d\u2019entreprise (Acre)<\/strong> verra \u00e9galement ses taux modifi\u00e9s. Pour les lib\u00e9raux au r\u00e9gime g\u00e9n\u00e9ral, le taux r\u00e9duit Acre passera de 10,6 % \u00e0 11,6 % \u00e0 partir de juillet 2024, atteignant 12,30 % en 2025 et 13,05 % en 2026. Pour les lib\u00e9raux affili\u00e9s \u00e0 la CIPAV, le taux restera \u00e0 11,6 % apr\u00e8s juillet 2024.<\/p>\n\n\n\n<h2>Impact sur la retraite<\/h2>\n\n\n\n<p>Cette augmentation vise \u00e0 assurer une meilleure r\u00e9partition des contributions sociales, notamment pour la <strong>retraite compl\u00e9mentaire<\/strong> des <a href=\"https:\/\/www.appeloffreduparticulier.com\/blog\/les-secteurs-prometteurs-pour-devenir-auto-entrepreneur-en-2024\/\" target=\"_blank\" rel=\"noreferrer noopener nofollow\">auto-entrepreneurs<\/a>. Depuis le passage au r\u00e9gime g\u00e9n\u00e9ral en 2018, ces cotisations \u00e9taient insuffisantes. Avec cette r\u00e9forme, une protection sociale renforc\u00e9e sera mise en place<\/p>\n\n\n\n<h2>Conseils pour g\u00e9rer cette augmentation<\/h2>\n\n\n\n<p>Face \u00e0 cette nouvelle charge, voici quelques conseils pour maintenir la sant\u00e9 financi\u00e8re de votre entreprise :<\/p>\n\n\n\n<ol type=\"1\"><li><strong>Ajustez vos tarifs<\/strong> : Envisagez d\u2019augmenter l\u00e9g\u00e8rement vos prix pour compenser l\u2019augmentation des cotisations.<\/li><li><strong>Optimisez vos d\u00e9penses<\/strong> : R\u00e9duisez les co\u00fbts superflus et maximisez l\u2019efficacit\u00e9 de vos d\u00e9penses.<\/li><li><strong>Diversifiez vos revenus<\/strong> : Explorez de nouvelles sources de revenus pour am\u00e9liorer votre chiffre d&rsquo;affaires.<\/li><li><strong>\u00c9pargnez r\u00e9guli\u00e8rement<\/strong> : Constituez une tr\u00e9sorerie pour faire face aux impr\u00e9vus et assurer une retraite confortable.<\/li><\/ol>\n\n\n\n<p>Cette augmentation des cotisations sociales, bien que contraignante \u00e0 court terme, vise \u00e0 renforcer la protection sociale des micro-entrepreneurs lib\u00e9raux, notamment en mati\u00e8re de retraite. Il est essentiel de bien comprendre ces changements et d\u2019ajuster vos pratiques pour en minimiser l\u2019impact.<\/p>\n<div style=\"display: none;\"\n    class=\"kk-star-ratings kksr-valign-bottom kksr-align-left kksr-disabled\"\n    data-id=\"441\"\n    data-slug=\"\">\n    <div class=\"kksr-stars\">\n    <div class=\"kksr-stars-inactive\">\n            <div class=\"kksr-star\" data-star=\"1\">\n            <div class=\"kksr-icon\" style=\"width: px; height: px;\"><\/div>\n        <\/div>\n            <div class=\"kksr-star\" data-star=\"2\">\n            <div class=\"kksr-icon\" style=\"width: px; height: px;\"><\/div>\n        <\/div>\n            <div class=\"kksr-star\" data-star=\"3\">\n            <div class=\"kksr-icon\" style=\"width: px; height: px;\"><\/div>\n        <\/div>\n            <div class=\"kksr-star\" data-star=\"4\">\n            <div class=\"kksr-icon\" style=\"width: px; height: px;\"><\/div>\n        <\/div>\n            <div class=\"kksr-star\" data-star=\"5\">\n            <div class=\"kksr-icon\" style=\"width: px; height: px;\"><\/div>\n        <\/div>\n    <\/div>\n    <div class=\"kksr-stars-active\" style=\"width: 0px;\">\n            <div class=\"kksr-star\">\n            <div class=\"kksr-icon\" style=\"width: px; height: px;\"><\/div>\n        <\/div>\n            <div class=\"kksr-star\">\n            <div class=\"kksr-icon\" style=\"width: px; height: px;\"><\/div>\n        <\/div>\n            <div class=\"kksr-star\">\n            <div class=\"kksr-icon\" style=\"width: px; height: px;\"><\/div>\n        <\/div>\n            <div class=\"kksr-star\">\n            <div class=\"kksr-icon\" style=\"width: px; height: px;\"><\/div>\n        <\/div>\n            <div class=\"kksr-star\">\n            <div class=\"kksr-icon\" style=\"width: px; height: px;\"><\/div>\n        <\/div>\n    <\/div>\n<\/div>\n    <div class=\"kksr-legend\">\n            <span class=\"kksr-muted\"><\/span>\n    <\/div>\n<\/div>\n","protected":false},"excerpt":{"rendered":"<p>Un d\u00e9cret r\u00e9cent annonce une augmentation des cotisations sociales pour les micro-entreprises lib\u00e9rales d\u00e8s juillet 2024. Cette mesure vise \u00e0 renforcer la protection sociale des auto-entrepreneurs, notamment pour leur retraite compl\u00e9mentaire. Voici un d\u00e9cryptage des changements \u00e0 venir, leurs impacts et des conseils pour y faire face. Professions concern\u00e9es Qui est affect\u00e9 par cette hausse &hellip; <a href=\"https:\/\/www.appeloffreduparticulier.com\/blog\/cotisations-sociales-ce-qui-change-pour-les-micro-entreprises-liberales-en-juillet-2024\/\" class=\"more-link\">Continuer la lecture<span class=\"screen-reader-text\"> de &laquo;&nbsp;Cotisations Sociales : ce qui change pour les Micro-Entreprises Lib\u00e9rales en juillet 2024&nbsp;&raquo;<\/span><\/a><\/p>\n","protected":false},"author":2,"featured_media":442,"comment_status":"closed","ping_status":"closed","sticky":false,"template":"","format":"standard","meta":[],"categories":[12],"tags":[],"yoast_head":"<!-- This site is optimized with the Yoast SEO plugin v17.1 - https:\/\/yoast.com\/wordpress\/plugins\/seo\/ -->\n<title>Cotisations Sociales : ce qui change pour les Micro-Entreprises Lib\u00e9rales en juillet 2024 - Appel offre particulier - site pour trouver une annonce de devis ou un appel d&#039;offre<\/title>\n<meta name=\"description\" content=\"D\u00e9couvrez l&#039;augmentation des cotisations sociales pour les micro-entreprises lib\u00e9rales \u00e0 partir de juillet 2024.\" \/>\n<meta name=\"robots\" content=\"index, follow, max-snippet:-1, max-image-preview:large, max-video-preview:-1\" \/>\n<link rel=\"canonical\" href=\"https:\/\/www.appeloffreduparticulier.com\/blog\/cotisations-sociales-ce-qui-change-pour-les-micro-entreprises-liberales-en-juillet-2024\/\" \/>\n<meta property=\"og:locale\" content=\"fr_FR\" \/>\n<meta property=\"og:type\" content=\"article\" \/>\n<meta property=\"og:title\" content=\"Cotisations Sociales : ce qui change pour les Micro-Entreprises Lib\u00e9rales en juillet 2024 - Appel offre particulier - site pour trouver une annonce de devis ou un appel d&#039;offre\" \/>\n<meta property=\"og:description\" content=\"D\u00e9couvrez l&#039;augmentation des cotisations sociales pour les micro-entreprises lib\u00e9rales \u00e0 partir de juillet 2024.\" \/>\n<meta property=\"og:url\" content=\"https:\/\/www.appeloffreduparticulier.com\/blog\/cotisations-sociales-ce-qui-change-pour-les-micro-entreprises-liberales-en-juillet-2024\/\" \/>\n<meta property=\"og:site_name\" content=\"Appel offre particulier - site pour trouver une annonce de devis ou un appel d&#039;offre\" \/>\n<meta property=\"article:published_time\" content=\"2024-06-25T11:00:00+00:00\" \/>\n<meta property=\"article:modified_time\" content=\"2024-06-20T06:22:30+00:00\" \/>\n<meta property=\"og:image\" content=\"https:\/\/www.appeloffreduparticulier.com\/blog\/wp-content\/uploads\/2024\/06\/money-1756279_1280.jpg\" \/>\n\t<meta property=\"og:image:width\" content=\"1280\" \/>\n\t<meta property=\"og:image:height\" content=\"853\" \/>\n<meta name=\"twitter:card\" content=\"summary\" \/>\n<meta name=\"twitter:label1\" content=\"\u00c9crit par\" \/>\n\t<meta name=\"twitter:data1\" content=\"Sandrine\" \/>\n\t<meta name=\"twitter:label2\" content=\"Dur\u00e9e de lecture est.\" \/>\n\t<meta name=\"twitter:data2\" content=\"2 minutes\" \/>\n<script type=\"application\/ld+json\" class=\"yoast-schema-graph\">{\"@context\":\"https:\/\/schema.org\",\"@graph\":[{\"@type\":\"WebSite\",\"@id\":\"http:\/\/www.appeloffreduparticulier.com\/blog\/#website\",\"url\":\"http:\/\/www.appeloffreduparticulier.com\/blog\/\",\"name\":\"Appel offre particulier - site pour trouver une annonce de devis ou un appel d&#039;offre\",\"description\":\"Articles pour ne pas se tromper dans votre annonce de particulier et aussi dans vos appels d&#039;offre (travaux ou autres)\",\"potentialAction\":[{\"@type\":\"SearchAction\",\"target\":{\"@type\":\"EntryPoint\",\"urlTemplate\":\"http:\/\/www.appeloffreduparticulier.com\/blog\/?s={search_term_string}\"},\"query-input\":\"required name=search_term_string\"}],\"inLanguage\":\"fr-FR\"},{\"@type\":\"ImageObject\",\"@id\":\"https:\/\/www.appeloffreduparticulier.com\/blog\/cotisations-sociales-ce-qui-change-pour-les-micro-entreprises-liberales-en-juillet-2024\/#primaryimage\",\"inLanguage\":\"fr-FR\",\"url\":\"https:\/\/www.appeloffreduparticulier.com\/blog\/wp-content\/uploads\/2024\/06\/money-1756279_1280.jpg\",\"contentUrl\":\"https:\/\/www.appeloffreduparticulier.com\/blog\/wp-content\/uploads\/2024\/06\/money-1756279_1280.jpg\",\"width\":1280,\"height\":853},{\"@type\":\"WebPage\",\"@id\":\"https:\/\/www.appeloffreduparticulier.com\/blog\/cotisations-sociales-ce-qui-change-pour-les-micro-entreprises-liberales-en-juillet-2024\/#webpage\",\"url\":\"https:\/\/www.appeloffreduparticulier.com\/blog\/cotisations-sociales-ce-qui-change-pour-les-micro-entreprises-liberales-en-juillet-2024\/\",\"name\":\"Cotisations Sociales : ce qui change pour les Micro-Entreprises Lib\\u00e9rales en juillet 2024 - Appel offre particulier - site pour trouver une annonce de devis ou un appel d&#039;offre\",\"isPartOf\":{\"@id\":\"http:\/\/www.appeloffreduparticulier.com\/blog\/#website\"},\"primaryImageOfPage\":{\"@id\":\"https:\/\/www.appeloffreduparticulier.com\/blog\/cotisations-sociales-ce-qui-change-pour-les-micro-entreprises-liberales-en-juillet-2024\/#primaryimage\"},\"datePublished\":\"2024-06-25T11:00:00+00:00\",\"dateModified\":\"2024-06-20T06:22:30+00:00\",\"author\":{\"@id\":\"http:\/\/www.appeloffreduparticulier.com\/blog\/#\/schema\/person\/9221836eb9e7614689c6b49fb2faf0f6\"},\"description\":\"D\\u00e9couvrez l'augmentation des cotisations sociales pour les micro-entreprises lib\\u00e9rales \\u00e0 partir de juillet 2024.\",\"breadcrumb\":{\"@id\":\"https:\/\/www.appeloffreduparticulier.com\/blog\/cotisations-sociales-ce-qui-change-pour-les-micro-entreprises-liberales-en-juillet-2024\/#breadcrumb\"},\"inLanguage\":\"fr-FR\",\"potentialAction\":[{\"@type\":\"ReadAction\",\"target\":[\"https:\/\/www.appeloffreduparticulier.com\/blog\/cotisations-sociales-ce-qui-change-pour-les-micro-entreprises-liberales-en-juillet-2024\/\"]}]},{\"@type\":\"BreadcrumbList\",\"@id\":\"https:\/\/www.appeloffreduparticulier.com\/blog\/cotisations-sociales-ce-qui-change-pour-les-micro-entreprises-liberales-en-juillet-2024\/#breadcrumb\",\"itemListElement\":[{\"@type\":\"ListItem\",\"position\":1,\"name\":\"Accueil\",\"item\":\"http:\/\/www.appeloffreduparticulier.com\/blog\/\"},{\"@type\":\"ListItem\",\"position\":2,\"name\":\"Cotisations Sociales : ce qui change pour les Micro-Entreprises Lib\\u00e9rales en juillet 2024\"}]},{\"@type\":\"Person\",\"@id\":\"http:\/\/www.appeloffreduparticulier.com\/blog\/#\/schema\/person\/9221836eb9e7614689c6b49fb2faf0f6\",\"name\":\"Sandrine\",\"image\":{\"@type\":\"ImageObject\",\"@id\":\"http:\/\/www.appeloffreduparticulier.com\/blog\/#personlogo\",\"inLanguage\":\"fr-FR\",\"url\":\"https:\/\/secure.gravatar.com\/avatar\/3e70ef1e4a58c2818016331a195ea567?s=96&d=mm&r=g\",\"contentUrl\":\"https:\/\/secure.gravatar.com\/avatar\/3e70ef1e4a58c2818016331a195ea567?s=96&d=mm&r=g\",\"caption\":\"Sandrine\"},\"url\":\"https:\/\/www.appeloffreduparticulier.com\/blog\/author\/sandrine\/\"}]}<\/script>\n<!-- \/ Yoast SEO plugin. -->","yoast_head_json":{"title":"Cotisations Sociales : ce qui change pour les Micro-Entreprises Lib\u00e9rales en juillet 2024 - Appel offre particulier - site pour trouver une annonce de devis ou un appel d&#039;offre","description":"D\u00e9couvrez l'augmentation des cotisations sociales pour les micro-entreprises lib\u00e9rales \u00e0 partir de juillet 2024.","robots":{"index":"index","follow":"follow","max-snippet":"max-snippet:-1","max-image-preview":"max-image-preview:large","max-video-preview":"max-video-preview:-1"},"canonical":"https:\/\/www.appeloffreduparticulier.com\/blog\/cotisations-sociales-ce-qui-change-pour-les-micro-entreprises-liberales-en-juillet-2024\/","og_locale":"fr_FR","og_type":"article","og_title":"Cotisations Sociales : ce qui change pour les Micro-Entreprises Lib\u00e9rales en juillet 2024 - Appel offre particulier - site pour trouver une annonce de devis ou un appel d&#039;offre","og_description":"D\u00e9couvrez l'augmentation des cotisations sociales pour les micro-entreprises lib\u00e9rales \u00e0 partir de juillet 2024.","og_url":"https:\/\/www.appeloffreduparticulier.com\/blog\/cotisations-sociales-ce-qui-change-pour-les-micro-entreprises-liberales-en-juillet-2024\/","og_site_name":"Appel offre particulier - site pour trouver une annonce de devis ou un appel d&#039;offre","article_published_time":"2024-06-25T11:00:00+00:00","article_modified_time":"2024-06-20T06:22:30+00:00","og_image":[{"width":1280,"height":853,"url":"https:\/\/www.appeloffreduparticulier.com\/blog\/wp-content\/uploads\/2024\/06\/money-1756279_1280.jpg","path":"\/var\/www\/appeloffreduparticulier.com\/www\/blog\/wp-content\/uploads\/2024\/06\/money-1756279_1280.jpg","size":"full","id":442,"alt":"","pixels":1091840,"type":"image\/jpeg"}],"twitter_card":"summary","twitter_misc":{"\u00c9crit par":"Sandrine","Dur\u00e9e de lecture est.":"2 minutes"},"schema":{"@context":"https:\/\/schema.org","@graph":[{"@type":"WebSite","@id":"http:\/\/www.appeloffreduparticulier.com\/blog\/#website","url":"http:\/\/www.appeloffreduparticulier.com\/blog\/","name":"Appel offre particulier - site pour trouver une annonce de devis ou un appel d&#039;offre","description":"Articles pour ne pas se tromper dans votre annonce de particulier et aussi dans vos appels d&#039;offre (travaux ou autres)","potentialAction":[{"@type":"SearchAction","target":{"@type":"EntryPoint","urlTemplate":"http:\/\/www.appeloffreduparticulier.com\/blog\/?s={search_term_string}"},"query-input":"required name=search_term_string"}],"inLanguage":"fr-FR"},{"@type":"ImageObject","@id":"https:\/\/www.appeloffreduparticulier.com\/blog\/cotisations-sociales-ce-qui-change-pour-les-micro-entreprises-liberales-en-juillet-2024\/#primaryimage","inLanguage":"fr-FR","url":"https:\/\/www.appeloffreduparticulier.com\/blog\/wp-content\/uploads\/2024\/06\/money-1756279_1280.jpg","contentUrl":"https:\/\/www.appeloffreduparticulier.com\/blog\/wp-content\/uploads\/2024\/06\/money-1756279_1280.jpg","width":1280,"height":853},{"@type":"WebPage","@id":"https:\/\/www.appeloffreduparticulier.com\/blog\/cotisations-sociales-ce-qui-change-pour-les-micro-entreprises-liberales-en-juillet-2024\/#webpage","url":"https:\/\/www.appeloffreduparticulier.com\/blog\/cotisations-sociales-ce-qui-change-pour-les-micro-entreprises-liberales-en-juillet-2024\/","name":"Cotisations Sociales : ce qui change pour les Micro-Entreprises Lib\u00e9rales en juillet 2024 - Appel offre particulier - site pour trouver une annonce de devis ou un appel d&#039;offre","isPartOf":{"@id":"http:\/\/www.appeloffreduparticulier.com\/blog\/#website"},"primaryImageOfPage":{"@id":"https:\/\/www.appeloffreduparticulier.com\/blog\/cotisations-sociales-ce-qui-change-pour-les-micro-entreprises-liberales-en-juillet-2024\/#primaryimage"},"datePublished":"2024-06-25T11:00:00+00:00","dateModified":"2024-06-20T06:22:30+00:00","author":{"@id":"http:\/\/www.appeloffreduparticulier.com\/blog\/#\/schema\/person\/9221836eb9e7614689c6b49fb2faf0f6"},"description":"D\u00e9couvrez l'augmentation des cotisations sociales pour les micro-entreprises lib\u00e9rales \u00e0 partir de juillet 2024.","breadcrumb":{"@id":"https:\/\/www.appeloffreduparticulier.com\/blog\/cotisations-sociales-ce-qui-change-pour-les-micro-entreprises-liberales-en-juillet-2024\/#breadcrumb"},"inLanguage":"fr-FR","potentialAction":[{"@type":"ReadAction","target":["https:\/\/www.appeloffreduparticulier.com\/blog\/cotisations-sociales-ce-qui-change-pour-les-micro-entreprises-liberales-en-juillet-2024\/"]}]},{"@type":"BreadcrumbList","@id":"https:\/\/www.appeloffreduparticulier.com\/blog\/cotisations-sociales-ce-qui-change-pour-les-micro-entreprises-liberales-en-juillet-2024\/#breadcrumb","itemListElement":[{"@type":"ListItem","position":1,"name":"Accueil","item":"http:\/\/www.appeloffreduparticulier.com\/blog\/"},{"@type":"ListItem","position":2,"name":"Cotisations Sociales : ce qui change pour les Micro-Entreprises Lib\u00e9rales en juillet 2024"}]},{"@type":"Person","@id":"http:\/\/www.appeloffreduparticulier.com\/blog\/#\/schema\/person\/9221836eb9e7614689c6b49fb2faf0f6","name":"Sandrine","image":{"@type":"ImageObject","@id":"http:\/\/www.appeloffreduparticulier.com\/blog\/#personlogo","inLanguage":"fr-FR","url":"https:\/\/secure.gravatar.com\/avatar\/3e70ef1e4a58c2818016331a195ea567?s=96&d=mm&r=g","contentUrl":"https:\/\/secure.gravatar.com\/avatar\/3e70ef1e4a58c2818016331a195ea567?s=96&d=mm&r=g","caption":"Sandrine"},"url":"https:\/\/www.appeloffreduparticulier.com\/blog\/author\/sandrine\/"}]}},"_links":{"self":[{"href":"https:\/\/www.appeloffreduparticulier.com\/blog\/wp-json\/wp\/v2\/posts\/441"}],"collection":[{"href":"https:\/\/www.appeloffreduparticulier.com\/blog\/wp-json\/wp\/v2\/posts"}],"about":[{"href":"https:\/\/www.appeloffreduparticulier.com\/blog\/wp-json\/wp\/v2\/types\/post"}],"author":[{"embeddable":true,"href":"https:\/\/www.appeloffreduparticulier.com\/blog\/wp-json\/wp\/v2\/users\/2"}],"replies":[{"embeddable":true,"href":"https:\/\/www.appeloffreduparticulier.com\/blog\/wp-json\/wp\/v2\/comments?post=441"}],"version-history":[{"count":3,"href":"https:\/\/www.appeloffreduparticulier.com\/blog\/wp-json\/wp\/v2\/posts\/441\/revisions"}],"predecessor-version":[{"id":445,"href":"https:\/\/www.appeloffreduparticulier.com\/blog\/wp-json\/wp\/v2\/posts\/441\/revisions\/445"}],"wp:featuredmedia":[{"embeddable":true,"href":"https:\/\/www.appeloffreduparticulier.com\/blog\/wp-json\/wp\/v2\/media\/442"}],"wp:attachment":[{"href":"https:\/\/www.appeloffreduparticulier.com\/blog\/wp-json\/wp\/v2\/media?parent=441"}],"wp:term":[{"taxonomy":"category","embeddable":true,"href":"https:\/\/www.appeloffreduparticulier.com\/blog\/wp-json\/wp\/v2\/categories?post=441"},{"taxonomy":"post_tag","embeddable":true,"href":"https:\/\/www.appeloffreduparticulier.com\/blog\/wp-json\/wp\/v2\/tags?post=441"}],"curies":[{"name":"wp","href":"https:\/\/api.w.org\/{rel}","templated":true}]}}